
{"id":34004,"date":"2014-01-23T12:31:28","date_gmt":"2014-01-23T15:31:28","guid":{"rendered":"http:\/\/www.sudoestehoje.com.br\/novoportal\/?p=34004"},"modified":"2014-01-23T12:31:28","modified_gmt":"2014-01-23T15:31:28","slug":"itapetinga-carro-do-medico-dr-gilvan-capota-na-ba-263","status":"publish","type":"post","link":"https:\/\/www.sudoestehoje.com.br\/novoportal\/2014\/01\/23\/itapetinga-carro-do-medico-dr-gilvan-capota-na-ba-263\/","title":{"rendered":"ITAPETINGA: CARRO DO M\u00c9DICO DR. GILVAN CAPOTA NA BA-263"},"content":{"rendered":"<div id=\"attachment_34005\" style=\"width: 510px\" class=\"wp-caption aligncenter\"><a href=\"http:\/\/www.sudoestehoje.com.br\/novoportal\/wp-content\/uploads\/2014\/01\/GILV.jpg\"><img loading=\"lazy\" decoding=\"async\" aria-describedby=\"caption-attachment-34005\" class=\"size-medium wp-image-34005\" alt=\"Foto: Welton Bananal\" src=\"http:\/\/www.sudoestehoje.com.br\/novoportal\/wp-content\/uploads\/2014\/01\/GILV-500x375.jpg\" width=\"500\" height=\"375\" srcset=\"https:\/\/www.sudoestehoje.com.br\/novoportal\/wp-content\/uploads\/2014\/01\/GILV-500x375.jpg 500w, https:\/\/www.sudoestehoje.com.br\/novoportal\/wp-content\/uploads\/2014\/01\/GILV.jpg 660w\" sizes=\"auto, (max-width: 500px) 100vw, 500px\" \/><\/a><p id=\"caption-attachment-34005\" class=\"wp-caption-text\">Foto: Welton Bananal<\/p><\/div>\n<p>O m\u00e9dico Jilvan Matos Silveira, levou um susto, na tarde desta quarta-feira (22), ap\u00f3s capotar o seu ve\u00edculo na BA-263, rodovia que liga Vit\u00f3ria da Conquista a Itapetinga, no trecho conhecido como Mata Escura. Segundo o Blog do Diga Diga, o motorista itepetinguense teria perdido o controle da Hilux, saindo da pista e capotando. Chovia no momento. Ningu\u00e9m ficou ferido. A Pol\u00edcia Rodovi\u00e1ria Estadual registrou a ocorr\u00eancia.<\/p>\n","protected":false},"excerpt":{"rendered":"<p>O m\u00e9dico Jilvan Matos Silveira, levou um susto, na tarde desta quarta-feira (22), ap\u00f3s capotar o seu ve\u00edculo na BA-263, rodovia que liga Vit\u00f3ria da Conquista a Itapetinga, no trecho conhecido como Mata Escura. Segundo o Blog do Diga Diga, o motorista itepetinguense teria perdido o controle da Hilux, saindo da pista e capotando. Chovia [&hellip;]<\/p>\n","protected":false},"author":2,"featured_media":0,"comment_status":"open","ping_status":"open","sticky":false,"template":"","format":"standard","meta":{"footnotes":"","_links_to":"","_links_to_target":""},"categories":[1],"tags":[],"class_list":["post-34004","post","type-post","status-publish","format-standard","hentry","category-geral"],"views":2764,"_links":{"self":[{"href":"https:\/\/www.sudoestehoje.com.br\/novoportal\/wp-json\/wp\/v2\/posts\/34004","targetHints":{"allow":["GET"]}}],"collection":[{"href":"https:\/\/www.sudoestehoje.com.br\/novoportal\/wp-json\/wp\/v2\/posts"}],"about":[{"href":"https:\/\/www.sudoestehoje.com.br\/novoportal\/wp-json\/wp\/v2\/types\/post"}],"author":[{"embeddable":true,"href":"https:\/\/www.sudoestehoje.com.br\/novoportal\/wp-json\/wp\/v2\/users\/2"}],"replies":[{"embeddable":true,"href":"https:\/\/www.sudoestehoje.com.br\/novoportal\/wp-json\/wp\/v2\/comments?post=34004"}],"version-history":[{"count":1,"href":"https:\/\/www.sudoestehoje.com.br\/novoportal\/wp-json\/wp\/v2\/posts\/34004\/revisions"}],"predecessor-version":[{"id":34006,"href":"https:\/\/www.sudoestehoje.com.br\/novoportal\/wp-json\/wp\/v2\/posts\/34004\/revisions\/34006"}],"wp:attachment":[{"href":"https:\/\/www.sudoestehoje.com.br\/novoportal\/wp-json\/wp\/v2\/media?parent=34004"}],"wp:term":[{"taxonomy":"category","embeddable":true,"href":"https:\/\/www.sudoestehoje.com.br\/novoportal\/wp-json\/wp\/v2\/categories?post=34004"},{"taxonomy":"post_tag","embeddable":true,"href":"https:\/\/www.sudoestehoje.com.br\/novoportal\/wp-json\/wp\/v2\/tags?post=34004"}],"curies":[{"name":"wp","href":"https:\/\/api.w.org\/{rel}","templated":true}]}}