
{"id":340,"date":"2010-08-13T08:12:07","date_gmt":"2010-08-13T11:12:07","guid":{"rendered":"http:\/\/sudoestehoje.tempsite.ws\/novoportal\/?p=340"},"modified":"2010-09-18T14:51:37","modified_gmt":"2010-09-18T17:51:37","slug":"quem-venceu-o-debate-na-band","status":"publish","type":"post","link":"https:\/\/www.sudoestehoje.com.br\/novoportal\/2010\/08\/13\/quem-venceu-o-debate-na-band\/","title":{"rendered":"QUEM VENCEU O DEBATE NA BAND?"},"content":{"rendered":"<div style=\"text-align: center;\"><img loading=\"lazy\" decoding=\"async\" src=\"http:\/\/www.bahianoticias.com.br\/fotos\/editor\/Image\/debate_band_candidatos_maxhaack.jpg\" border=\"0\" alt=\"\" width=\"350\" height=\"233\" \/><\/div>\n<p><strong>A TARDE:<\/strong> Os principais candidatos ao Governo da Bahia, Geddel Vieira Lima  (PMDB), Jaques Wagner (PT), Luiz Bassuma (PV), Marcos Mendes (PSOL) e  Paulo Souto (DEM) participaram, nesta quinta-feira, 12, do primeiro  debate entre os governadur\u00e1veis. Transmitido pela TV Bandeirantes, o  confronto foi mediado pela jornalista Rita Batista que, no primeiro  bloco, questionou igualmente aos candidatos de que maneira eles, se  eleitos, igualariam os positivos \u00edndices econ\u00f4micos aos ainda  incipientes \u00edndices sociais.<\/p>\n<p>Ao apresentar suas  propostas, os candidatos deixaram claro seus posicionamentos que  permearam durante todo o debate. Marcos Mendes criticou o atual governo e  afirmou que lutar\u00e1 pela descentraliza\u00e7\u00e3o de renda. Bassuma disse que  investir\u00e1 no desenvolvimento sustent\u00e1vel a partir do trip\u00e9 sa\u00fade,  educa\u00e7\u00e3o e seguran\u00e7a. Wagner prometeu dar continuidade aos programas do  governo Lula, que tamb\u00e9m foram elogiados por Geddel. Souto e Geddel n\u00e3o  pouparam cr\u00edticas a Wagner \u2014 especialmente no quesito seguran\u00e7a p\u00fablica \u2014  e o candidato do DEM afirmou ainda que procurar\u00e1 dar continuidade ao  que j\u00e1 havia iniciado quando foi governador.<\/p>\n<p><strong>TRIBUNA DA BAHIA<\/strong>:  O clima b\u00e9lico tomou conta do primeiro debate entre os candidatos a  governador da Bahia, exibido na noite desta quinta-feira (12), pela TV  Bandeirantes, com participa\u00e7\u00e3o de Jaques Wagner (PT), Paulo Souto (DEM),  Geddel Vieira Lima (PMDB), Lu\u00eds Bassuma (PV) e Marcos Mendes (PSOL). Os  concorrentes ao governo estadual trocaram acusa\u00e7\u00f5es e cr\u00edticas durante  as duas horas em que o programa foi realizado. A mediadora Rita Batista  precisou, por vezes, conter os \u00e2nimos dos candidatos, que optaram por  uma campanha de tom ferino para o encontro.<\/p>\n<p>A  indisposi\u00e7\u00e3o entre os candidatos ficou evidenciada logo no primeiro  bloco. Questionado sobre os \u00edndices socias da Bahia, Bassuma afirmou que  cabia a popula\u00e7\u00e3o o poder de modificar o cen\u00e1rio da pobreza no estado.  \u201cQuem quiser tudo como est\u00e1, vota em Wagner; quem quer um pouco de  mudan\u00e7a, vota em Geddel, j\u00e1 que os dois defendem a mesma candidata a  presidente, Dilma Rousseff; quem quiser a Bahia do passado, vota em  Souto, quem quiser uma Bahia diferente me escolher\u00e1 para o governo\u201d,  disse.<\/p>\n","protected":false},"excerpt":{"rendered":"<p>A TARDE: Os principais candidatos ao Governo da Bahia, Geddel Vieira Lima (PMDB), Jaques Wagner (PT), Luiz Bassuma (PV), Marcos Mendes (PSOL) e Paulo Souto (DEM) participaram, nesta quinta-feira, 12, do primeiro debate entre os governadur\u00e1veis. Transmitido pela TV Bandeirantes, o confronto foi mediado pela jornalista Rita Batista que, no primeiro bloco, questionou igualmente aos [&hellip;]<\/p>\n","protected":false},"author":1,"featured_media":0,"comment_status":"open","ping_status":"open","sticky":false,"template":"","format":"standard","meta":{"footnotes":"","_links_to":"","_links_to_target":""},"categories":[1],"tags":[],"class_list":["post-340","post","type-post","status-publish","format-standard","hentry","category-geral"],"views":1711,"_links":{"self":[{"href":"https:\/\/www.sudoestehoje.com.br\/novoportal\/wp-json\/wp\/v2\/posts\/340","targetHints":{"allow":["GET"]}}],"collection":[{"href":"https:\/\/www.sudoestehoje.com.br\/novoportal\/wp-json\/wp\/v2\/posts"}],"about":[{"href":"https:\/\/www.sudoestehoje.com.br\/novoportal\/wp-json\/wp\/v2\/types\/post"}],"author":[{"embeddable":true,"href":"https:\/\/www.sudoestehoje.com.br\/novoportal\/wp-json\/wp\/v2\/users\/1"}],"replies":[{"embeddable":true,"href":"https:\/\/www.sudoestehoje.com.br\/novoportal\/wp-json\/wp\/v2\/comments?post=340"}],"version-history":[{"count":1,"href":"https:\/\/www.sudoestehoje.com.br\/novoportal\/wp-json\/wp\/v2\/posts\/340\/revisions"}],"predecessor-version":[{"id":341,"href":"https:\/\/www.sudoestehoje.com.br\/novoportal\/wp-json\/wp\/v2\/posts\/340\/revisions\/341"}],"wp:attachment":[{"href":"https:\/\/www.sudoestehoje.com.br\/novoportal\/wp-json\/wp\/v2\/media?parent=340"}],"wp:term":[{"taxonomy":"category","embeddable":true,"href":"https:\/\/www.sudoestehoje.com.br\/novoportal\/wp-json\/wp\/v2\/categories?post=340"},{"taxonomy":"post_tag","embeddable":true,"href":"https:\/\/www.sudoestehoje.com.br\/novoportal\/wp-json\/wp\/v2\/tags?post=340"}],"curies":[{"name":"wp","href":"https:\/\/api.w.org\/{rel}","templated":true}]}}