
{"id":34,"date":"2010-09-17T01:27:37","date_gmt":"2010-09-17T04:27:37","guid":{"rendered":"http:\/\/sudoestehoje.tempsite.ws\/novoportal\/?p=34"},"modified":"2010-09-17T22:18:17","modified_gmt":"2010-09-18T01:18:17","slug":"marina-faz-comicio-em-conquista-neste-sexta-feira","status":"publish","type":"post","link":"https:\/\/www.sudoestehoje.com.br\/novoportal\/2010\/09\/17\/marina-faz-comicio-em-conquista-neste-sexta-feira\/","title":{"rendered":"Marina faz com\u00edcio em Conquista nesta sexta-feira"},"content":{"rendered":"<p style=\"text-align: center;\"><img decoding=\"async\" class=\"aligncenter\" style=\"border: 0px initial initial;\" src=\"http:\/\/2.bp.blogspot.com\/_7M5EC70NTmM\/S0Jt3c3IhUI\/AAAAAAAAArE\/1b_8nUQyXVI\/s400\/marina_silva_bassuma_encontro_juazeiro_divulgacao.jpg\" border=\"0\" alt=\"\" width=\"500\" \/><\/p>\n<p style=\"text-align: justify;\">VIT\u00d3RIA DA CONQUISTA: A candidata do PV \u00e0 Presid\u00eancia da Rep\u00fablica Marina Silva confirmou que far\u00e1 um com\u00edcio para a popula\u00e7\u00e3o de Vit\u00f3ria da Conquista. O evento acontece nesta sexta-feira (17), \u00e0s 14h30, na Pra\u00e7a Bar\u00e3o do Rio Branco, no centro da cidade. De acordo com a assessoria do Partido Verde, a mobiliza\u00e7\u00e3o foi feita por postulantes a deputado estadual e federal da sigla que n\u00e3o poder\u00e3o vir a Salvador e reunir\u00e1 as principais lideran\u00e7as do PV, como Luiz Bassuma, que concorre ao Governo do Estado, Edson Duarte, pleiteante ao Senado.<\/p>\n","protected":false},"excerpt":{"rendered":"<p>VIT\u00d3RIA DA CONQUISTA: A candidata do PV \u00e0 Presid\u00eancia da Rep\u00fablica Marina Silva confirmou que far\u00e1 um com\u00edcio para a popula\u00e7\u00e3o de Vit\u00f3ria da Conquista. O evento acontece nesta sexta-feira (17), \u00e0s 14h30, na Pra\u00e7a Bar\u00e3o do Rio Branco, no centro da cidade. De acordo com a assessoria do Partido Verde, a mobiliza\u00e7\u00e3o foi feita [&hellip;]<\/p>\n","protected":false},"author":1,"featured_media":0,"comment_status":"open","ping_status":"open","sticky":false,"template":"","format":"standard","meta":{"footnotes":"","_links_to":"","_links_to_target":""},"categories":[4],"tags":[],"class_list":["post-34","post","type-post","status-publish","format-standard","hentry","category-politica"],"views":1294,"_links":{"self":[{"href":"https:\/\/www.sudoestehoje.com.br\/novoportal\/wp-json\/wp\/v2\/posts\/34","targetHints":{"allow":["GET"]}}],"collection":[{"href":"https:\/\/www.sudoestehoje.com.br\/novoportal\/wp-json\/wp\/v2\/posts"}],"about":[{"href":"https:\/\/www.sudoestehoje.com.br\/novoportal\/wp-json\/wp\/v2\/types\/post"}],"author":[{"embeddable":true,"href":"https:\/\/www.sudoestehoje.com.br\/novoportal\/wp-json\/wp\/v2\/users\/1"}],"replies":[{"embeddable":true,"href":"https:\/\/www.sudoestehoje.com.br\/novoportal\/wp-json\/wp\/v2\/comments?post=34"}],"version-history":[{"count":7,"href":"https:\/\/www.sudoestehoje.com.br\/novoportal\/wp-json\/wp\/v2\/posts\/34\/revisions"}],"predecessor-version":[{"id":88,"href":"https:\/\/www.sudoestehoje.com.br\/novoportal\/wp-json\/wp\/v2\/posts\/34\/revisions\/88"}],"wp:attachment":[{"href":"https:\/\/www.sudoestehoje.com.br\/novoportal\/wp-json\/wp\/v2\/media?parent=34"}],"wp:term":[{"taxonomy":"category","embeddable":true,"href":"https:\/\/www.sudoestehoje.com.br\/novoportal\/wp-json\/wp\/v2\/categories?post=34"},{"taxonomy":"post_tag","embeddable":true,"href":"https:\/\/www.sudoestehoje.com.br\/novoportal\/wp-json\/wp\/v2\/tags?post=34"}],"curies":[{"name":"wp","href":"https:\/\/api.w.org\/{rel}","templated":true}]}}