
{"id":3397,"date":"2011-02-09T23:18:41","date_gmt":"2011-02-10T02:18:41","guid":{"rendered":"http:\/\/www.sudoestehoje.com.br\/novoportal\/?p=3397"},"modified":"2011-02-09T23:18:41","modified_gmt":"2011-02-10T02:18:41","slug":"o-dinheiro-sumiu","status":"publish","type":"post","link":"https:\/\/www.sudoestehoje.com.br\/novoportal\/2011\/02\/09\/o-dinheiro-sumiu\/","title":{"rendered":"O DINHEIRO SUMIU?"},"content":{"rendered":"<p style=\"text-align: center;\"><a href=\"http:\/\/www.google.com.br\/imgres?imgurl=http:\/\/brasil.indymedia.org\/images\/2008\/02\/411568.jpg&amp;imgrefurl=http:\/\/www.midiaindependente.org\/pt\/red\/2008\/01\/410740.shtml&amp;usg=__bsMuRW3Bnx-TXurws2RD2lBly1U=&amp;h=400&amp;w=385&amp;sz=32&amp;hl=pt-br&amp;start=46&amp;zoom=1&amp;itbs=1&amp;tbnid=GsK0CegX-ga92M:&amp;tbnh=124&amp;tbnw=119&amp;prev=\/images%3Fq%3Da%2Bgrana%2Bsumiu%26start%3D40%26hl%3Dpt-br%26sa%3DN%26gbv%3D2%26ndsp%3D20%26tbs%3Disch:1&amp;ei=wEpTTcGHGYiSgQeDsfGtCA\"><img loading=\"lazy\" decoding=\"async\" class=\"aligncenter\" src=\"http:\/\/t0.gstatic.com\/images?q=tbn:ANd9GcSup-Mb6n6dihAdbLXVFz_kTOunQcU6QMm6_B2DY7oNje9nM1jFy-Q8HfE\" alt=\"\" width=\"119\" height=\"124\" \/><\/a><\/p>\n<p><em>&#8220;Os alugu\u00e9is sociais do munic\u00edpio, para 240 fam\u00edlias carentes est\u00e3o atrazados por falta de dinheiro. A Secretar\u00eda de A\u00e7\u00e3o Social n\u00e3o t\u00e1 distribuindo fraldas geri\u00e1tricas porque o munic\u00edpio ainda n\u00e3o fez as compras. Desde o final de dezembro que n\u00e3o distribui Cestas B\u00e1sicas porque o munic\u00edpio ainda n\u00e3o fez licita\u00e7\u00e3o. N\u00e3o fornece passagens para pessoas carentes pois est\u00e1 suspenso o conv\u00eanio com a empresa de \u00f4nibus. Segundo um vizinho daquela Secretaria me confidenciou, todos os dias tem farras memor\u00e1veis de funcion\u00e1rios, mais ou menos seis, que almo\u00e7am na secretaria por conta do munic\u00edpio, inclusive uma sobrinha do prefeito. Quando tem anivers\u00e1rio de apadrinhados da Secret\u00e1ria, como aconteceu recentemente, saem calder\u00f5es de comida comprada e praparada na Secretar\u00eda por conta do dinheiro do povo. E a popula\u00e7\u00e3o carente \u00f3\u00f3\u00f3\u00f3\u00f3\u2026&#8221; (Z\u00e9 da Hora- Leitor)<\/em><\/p>\n","protected":false},"excerpt":{"rendered":"<p>&#8220;Os alugu\u00e9is sociais do munic\u00edpio, para 240 fam\u00edlias carentes est\u00e3o atrazados por falta de dinheiro. A Secretar\u00eda de A\u00e7\u00e3o Social n\u00e3o t\u00e1 distribuindo fraldas geri\u00e1tricas porque o munic\u00edpio ainda n\u00e3o fez as compras. Desde o final de dezembro que n\u00e3o distribui Cestas B\u00e1sicas porque o munic\u00edpio ainda n\u00e3o fez licita\u00e7\u00e3o. N\u00e3o fornece passagens para pessoas [&hellip;]<\/p>\n","protected":false},"author":2,"featured_media":0,"comment_status":"open","ping_status":"open","sticky":false,"template":"","format":"standard","meta":{"footnotes":"","_links_to":"","_links_to_target":""},"categories":[11],"tags":[],"class_list":["post-3397","post","type-post","status-publish","format-standard","hentry","category-quentinhas"],"views":1076,"_links":{"self":[{"href":"https:\/\/www.sudoestehoje.com.br\/novoportal\/wp-json\/wp\/v2\/posts\/3397","targetHints":{"allow":["GET"]}}],"collection":[{"href":"https:\/\/www.sudoestehoje.com.br\/novoportal\/wp-json\/wp\/v2\/posts"}],"about":[{"href":"https:\/\/www.sudoestehoje.com.br\/novoportal\/wp-json\/wp\/v2\/types\/post"}],"author":[{"embeddable":true,"href":"https:\/\/www.sudoestehoje.com.br\/novoportal\/wp-json\/wp\/v2\/users\/2"}],"replies":[{"embeddable":true,"href":"https:\/\/www.sudoestehoje.com.br\/novoportal\/wp-json\/wp\/v2\/comments?post=3397"}],"version-history":[{"count":1,"href":"https:\/\/www.sudoestehoje.com.br\/novoportal\/wp-json\/wp\/v2\/posts\/3397\/revisions"}],"predecessor-version":[{"id":3398,"href":"https:\/\/www.sudoestehoje.com.br\/novoportal\/wp-json\/wp\/v2\/posts\/3397\/revisions\/3398"}],"wp:attachment":[{"href":"https:\/\/www.sudoestehoje.com.br\/novoportal\/wp-json\/wp\/v2\/media?parent=3397"}],"wp:term":[{"taxonomy":"category","embeddable":true,"href":"https:\/\/www.sudoestehoje.com.br\/novoportal\/wp-json\/wp\/v2\/categories?post=3397"},{"taxonomy":"post_tag","embeddable":true,"href":"https:\/\/www.sudoestehoje.com.br\/novoportal\/wp-json\/wp\/v2\/tags?post=3397"}],"curies":[{"name":"wp","href":"https:\/\/api.w.org\/{rel}","templated":true}]}}