
{"id":33965,"date":"2014-01-22T00:26:40","date_gmt":"2014-01-22T03:26:40","guid":{"rendered":"http:\/\/www.sudoestehoje.com.br\/novoportal\/?p=33965"},"modified":"2014-01-22T00:26:40","modified_gmt":"2014-01-22T03:26:40","slug":"feira-ou-bagaceira","status":"publish","type":"post","link":"https:\/\/www.sudoestehoje.com.br\/novoportal\/2014\/01\/22\/feira-ou-bagaceira\/","title":{"rendered":"FEIRA OU BAGACEIRA?"},"content":{"rendered":"<div id=\"attachment_33966\" style=\"width: 510px\" class=\"wp-caption aligncenter\"><a href=\"http:\/\/www.sudoestehoje.com.br\/novoportal\/wp-content\/uploads\/2014\/01\/IMG00055.jpg\"><img loading=\"lazy\" decoding=\"async\" aria-describedby=\"caption-attachment-33966\" class=\"size-medium wp-image-33966\" alt=\"Barracas\" src=\"http:\/\/www.sudoestehoje.com.br\/novoportal\/wp-content\/uploads\/2014\/01\/IMG00055-500x375.jpg\" width=\"500\" height=\"375\" srcset=\"https:\/\/www.sudoestehoje.com.br\/novoportal\/wp-content\/uploads\/2014\/01\/IMG00055-500x375.jpg 500w, https:\/\/www.sudoestehoje.com.br\/novoportal\/wp-content\/uploads\/2014\/01\/IMG00055-700x525.jpg 700w, https:\/\/www.sudoestehoje.com.br\/novoportal\/wp-content\/uploads\/2014\/01\/IMG00055.jpg 2048w\" sizes=\"auto, (max-width: 500px) 100vw, 500px\" \/><\/a><p id=\"caption-attachment-33966\" class=\"wp-caption-text\">Barracas amontoadas na Central de Abastecimento mostram o total estado de abandono da nossa principal feira-livre. Foto Sudoeste Hoje<\/p><\/div>\n<p>Apesar das feiras livres aparentarem uma certa desorganiza\u00e7\u00e3o, algumas a\u00e7\u00f5es podem ser adotadas pelo poder p\u00fablico para colocar ordem nos locais onde s\u00e3o comercializados os g\u00eaneros aliment\u00edcios, principalmente no que se refere \u00e0s barracas de frutas e verdura. Em algumas cidades, barracas padronizadas s\u00e3o disponibilizadas pela pr\u00f3pria prefeitura, e a fiscaliza\u00e7\u00e3o \u00e9 rigorosa para que n\u00e3o haja abusos por parte dos feirantes, habituados ao improviso.<\/p>\n<div id=\"attachment_33970\" style=\"width: 510px\" class=\"wp-caption aligncenter\"><a href=\"http:\/\/www.sudoestehoje.com.br\/novoportal\/wp-content\/uploads\/2014\/01\/cama\u00e7ari.jpg\"><img loading=\"lazy\" decoding=\"async\" aria-describedby=\"caption-attachment-33970\" class=\"size-medium wp-image-33970\" alt=\"Em Cama\u00e7ari\" src=\"http:\/\/www.sudoestehoje.com.br\/novoportal\/wp-content\/uploads\/2014\/01\/cama\u00e7ari-500x332.jpg\" width=\"500\" height=\"332\" srcset=\"https:\/\/www.sudoestehoje.com.br\/novoportal\/wp-content\/uploads\/2014\/01\/cama\u00e7ari-500x332.jpg 500w, https:\/\/www.sudoestehoje.com.br\/novoportal\/wp-content\/uploads\/2014\/01\/cama\u00e7ari.jpg 600w\" sizes=\"auto, (max-width: 500px) 100vw, 500px\" \/><\/a><p id=\"caption-attachment-33970\" class=\"wp-caption-text\">Em Cama\u00e7ari-Ba, as barracas da feira-livre foram padronizadas, com recursos do Governo Federal, sem custos para os feirantes. Um bom modelo que poderia ser seguido pela prefeitura de Itapetinga, se houvesse gest\u00e3o.<\/p><\/div>\n<p>Em Itapetinga, entretanto, a desorganiza\u00e7\u00e3o \u00e9 total e a principal feira-livre da cidade, na Central de Abastecimento, mais parece uma favela arrasada por algum terremoto ou tsunami. \u00c9 uma bagaceira s\u00f3. Confira as fotos:<\/p>\n<p><a href=\"http:\/\/www.sudoestehoje.com.br\/novoportal\/wp-content\/uploads\/2014\/01\/IMG00054.jpg\"><img loading=\"lazy\" decoding=\"async\" class=\"aligncenter size-medium wp-image-33967\" alt=\"IMG00054\" src=\"http:\/\/www.sudoestehoje.com.br\/novoportal\/wp-content\/uploads\/2014\/01\/IMG00054-500x375.jpg\" width=\"500\" height=\"375\" srcset=\"https:\/\/www.sudoestehoje.com.br\/novoportal\/wp-content\/uploads\/2014\/01\/IMG00054-500x375.jpg 500w, https:\/\/www.sudoestehoje.com.br\/novoportal\/wp-content\/uploads\/2014\/01\/IMG00054-700x525.jpg 700w, https:\/\/www.sudoestehoje.com.br\/novoportal\/wp-content\/uploads\/2014\/01\/IMG00054.jpg 2048w\" sizes=\"auto, (max-width: 500px) 100vw, 500px\" \/><\/a><\/p>\n<p><a href=\"http:\/\/www.sudoestehoje.com.br\/novoportal\/wp-content\/uploads\/2014\/01\/IMG00056.jpg\"><img loading=\"lazy\" decoding=\"async\" class=\"aligncenter size-medium wp-image-33968\" alt=\"IMG00056\" src=\"http:\/\/www.sudoestehoje.com.br\/novoportal\/wp-content\/uploads\/2014\/01\/IMG00056-500x375.jpg\" width=\"500\" height=\"375\" srcset=\"https:\/\/www.sudoestehoje.com.br\/novoportal\/wp-content\/uploads\/2014\/01\/IMG00056-500x375.jpg 500w, https:\/\/www.sudoestehoje.com.br\/novoportal\/wp-content\/uploads\/2014\/01\/IMG00056-700x525.jpg 700w, https:\/\/www.sudoestehoje.com.br\/novoportal\/wp-content\/uploads\/2014\/01\/IMG00056.jpg 2048w\" sizes=\"auto, (max-width: 500px) 100vw, 500px\" \/><\/a><\/p>\n<p><a href=\"http:\/\/www.sudoestehoje.com.br\/novoportal\/wp-content\/uploads\/2014\/01\/IMG00057.jpg\"><img loading=\"lazy\" decoding=\"async\" class=\"aligncenter size-medium wp-image-33969\" alt=\"IMG00057\" src=\"http:\/\/www.sudoestehoje.com.br\/novoportal\/wp-content\/uploads\/2014\/01\/IMG00057-500x375.jpg\" width=\"500\" height=\"375\" srcset=\"https:\/\/www.sudoestehoje.com.br\/novoportal\/wp-content\/uploads\/2014\/01\/IMG00057-500x375.jpg 500w, https:\/\/www.sudoestehoje.com.br\/novoportal\/wp-content\/uploads\/2014\/01\/IMG00057-700x525.jpg 700w, https:\/\/www.sudoestehoje.com.br\/novoportal\/wp-content\/uploads\/2014\/01\/IMG00057.jpg 2048w\" sizes=\"auto, (max-width: 500px) 100vw, 500px\" \/><\/a><\/p>\n<p>&nbsp;<\/p>\n","protected":false},"excerpt":{"rendered":"<p>Apesar das feiras livres aparentarem uma certa desorganiza\u00e7\u00e3o, algumas a\u00e7\u00f5es podem ser adotadas pelo poder p\u00fablico para colocar ordem nos locais onde s\u00e3o comercializados os g\u00eaneros aliment\u00edcios, principalmente no que se refere \u00e0s barracas de frutas e verdura. Em algumas cidades, barracas padronizadas s\u00e3o disponibilizadas pela pr\u00f3pria prefeitura, e a fiscaliza\u00e7\u00e3o \u00e9 rigorosa para que [&hellip;]<\/p>\n","protected":false},"author":2,"featured_media":0,"comment_status":"open","ping_status":"open","sticky":false,"template":"","format":"standard","meta":{"footnotes":"","_links_to":"","_links_to_target":""},"categories":[1],"tags":[],"class_list":["post-33965","post","type-post","status-publish","format-standard","hentry","category-geral"],"views":3860,"_links":{"self":[{"href":"https:\/\/www.sudoestehoje.com.br\/novoportal\/wp-json\/wp\/v2\/posts\/33965","targetHints":{"allow":["GET"]}}],"collection":[{"href":"https:\/\/www.sudoestehoje.com.br\/novoportal\/wp-json\/wp\/v2\/posts"}],"about":[{"href":"https:\/\/www.sudoestehoje.com.br\/novoportal\/wp-json\/wp\/v2\/types\/post"}],"author":[{"embeddable":true,"href":"https:\/\/www.sudoestehoje.com.br\/novoportal\/wp-json\/wp\/v2\/users\/2"}],"replies":[{"embeddable":true,"href":"https:\/\/www.sudoestehoje.com.br\/novoportal\/wp-json\/wp\/v2\/comments?post=33965"}],"version-history":[{"count":1,"href":"https:\/\/www.sudoestehoje.com.br\/novoportal\/wp-json\/wp\/v2\/posts\/33965\/revisions"}],"predecessor-version":[{"id":33971,"href":"https:\/\/www.sudoestehoje.com.br\/novoportal\/wp-json\/wp\/v2\/posts\/33965\/revisions\/33971"}],"wp:attachment":[{"href":"https:\/\/www.sudoestehoje.com.br\/novoportal\/wp-json\/wp\/v2\/media?parent=33965"}],"wp:term":[{"taxonomy":"category","embeddable":true,"href":"https:\/\/www.sudoestehoje.com.br\/novoportal\/wp-json\/wp\/v2\/categories?post=33965"},{"taxonomy":"post_tag","embeddable":true,"href":"https:\/\/www.sudoestehoje.com.br\/novoportal\/wp-json\/wp\/v2\/tags?post=33965"}],"curies":[{"name":"wp","href":"https:\/\/api.w.org\/{rel}","templated":true}]}}