
{"id":33952,"date":"2014-01-21T01:03:56","date_gmt":"2014-01-21T04:03:56","guid":{"rendered":"http:\/\/www.sudoestehoje.com.br\/novoportal\/?p=33952"},"modified":"2014-01-21T01:03:56","modified_gmt":"2014-01-21T04:03:56","slug":"cbf-consegue-derrubar-liminar-e-flamengo-vai-para-a-serie-b","status":"publish","type":"post","link":"https:\/\/www.sudoestehoje.com.br\/novoportal\/2014\/01\/21\/cbf-consegue-derrubar-liminar-e-flamengo-vai-para-a-serie-b\/","title":{"rendered":"CBF CONSEGUE DERRUBAR LIMINAR E FLAMENGO VAI PARA A S\u00c9RIE B"},"content":{"rendered":"<p><a href=\"http:\/\/www.sudoestehoje.com.br\/novoportal\/wp-content\/uploads\/2014\/01\/Rebaixamento.jpg\"><img loading=\"lazy\" decoding=\"async\" class=\"aligncenter size-full wp-image-33953\" alt=\"Rebaixamento\" src=\"http:\/\/www.sudoestehoje.com.br\/novoportal\/wp-content\/uploads\/2014\/01\/Rebaixamento.jpg\" width=\"450\" height=\"315\" \/><\/a><\/p>\n<p>A CBF informou nesta segunda-feira que conseguiu derrubar a liminar concedida pela Justi\u00e7a de S\u00e3o Paulo que obrigava a entidade a\u00a0<a href=\"http:\/\/www1.folha.uol.com.br\/esporte\/2014\/01\/1395832-justica-de-sp-suspende-decisao-do-stjd-e-manda-devolver-pontos-ao-flamengo.shtml\">devolver<\/a>\u00a0para o Flamengo os quatro pontos retirados pelo STJD (Superior Tribunal de Justi\u00e7a Desportiva).<\/p>\n<p>Como a\u00a0<a href=\"http:\/\/www1.folha.uol.com.br\/esporte\/2014\/01\/1396160-justica-suspende-decisao-do-stjd-e-portuguesa-volta-a-serie-a.shtml\">liminar<\/a>\u00a0que devolve os quatro pontos para a Portuguesa ainda n\u00e3o foi cassada, o clube carioca ocupa, no momento, a 17\u00aa posi\u00e7\u00e3o do Brasileiro, com 45 pontos, e estaria rebaixado para a S\u00e9rie B.<!--more--><\/p>\n<p>O STJD puniu o Flamengo com a perda de quatro pontos devido \u00e0 escala\u00e7\u00e3o irregular do lateral Andr\u00e9 Santos no jogo contra o Cruzeiro, pela \u00faltima rodada do Campeonato Brasileiro.<\/p>\n<p>O jogador, que foi expulso no segundo jogo da final da Copa do Brasil, foi julgado no dia 6 de dezembro, um dia antes da partida contra o clube mineiro, e foi condenado a um jogo de suspens\u00e3o. No entanto, ele participou da partida.<\/p>\n<p>J\u00e1 a Portuguesa foi punida pelo STJD pela escala\u00e7\u00e3o do meia H\u00e9verton no empate sem gols com o Gr\u00eamio. O atleta havia sido expulso contra o Bahia e cumprido suspens\u00e3o autom\u00e1tica contra a Ponte Preta, mas foi julgado na sexta-feira que precedeu o confronto do domingo com o Gr\u00eamio e pegou dois jogos de suspens\u00e3o. Assim, teria que ficar de fora de mais um jogo.<\/p>\n","protected":false},"excerpt":{"rendered":"<p>A CBF informou nesta segunda-feira que conseguiu derrubar a liminar concedida pela Justi\u00e7a de S\u00e3o Paulo que obrigava a entidade a\u00a0devolver\u00a0para o Flamengo os quatro pontos retirados pelo STJD (Superior Tribunal de Justi\u00e7a Desportiva). Como a\u00a0liminar\u00a0que devolve os quatro pontos para a Portuguesa ainda n\u00e3o foi cassada, o clube carioca ocupa, no momento, a 17\u00aa [&hellip;]<\/p>\n","protected":false},"author":2,"featured_media":0,"comment_status":"open","ping_status":"open","sticky":false,"template":"","format":"standard","meta":{"footnotes":"","_links_to":"","_links_to_target":""},"categories":[1],"tags":[],"class_list":["post-33952","post","type-post","status-publish","format-standard","hentry","category-geral"],"views":3287,"_links":{"self":[{"href":"https:\/\/www.sudoestehoje.com.br\/novoportal\/wp-json\/wp\/v2\/posts\/33952","targetHints":{"allow":["GET"]}}],"collection":[{"href":"https:\/\/www.sudoestehoje.com.br\/novoportal\/wp-json\/wp\/v2\/posts"}],"about":[{"href":"https:\/\/www.sudoestehoje.com.br\/novoportal\/wp-json\/wp\/v2\/types\/post"}],"author":[{"embeddable":true,"href":"https:\/\/www.sudoestehoje.com.br\/novoportal\/wp-json\/wp\/v2\/users\/2"}],"replies":[{"embeddable":true,"href":"https:\/\/www.sudoestehoje.com.br\/novoportal\/wp-json\/wp\/v2\/comments?post=33952"}],"version-history":[{"count":1,"href":"https:\/\/www.sudoestehoje.com.br\/novoportal\/wp-json\/wp\/v2\/posts\/33952\/revisions"}],"predecessor-version":[{"id":33954,"href":"https:\/\/www.sudoestehoje.com.br\/novoportal\/wp-json\/wp\/v2\/posts\/33952\/revisions\/33954"}],"wp:attachment":[{"href":"https:\/\/www.sudoestehoje.com.br\/novoportal\/wp-json\/wp\/v2\/media?parent=33952"}],"wp:term":[{"taxonomy":"category","embeddable":true,"href":"https:\/\/www.sudoestehoje.com.br\/novoportal\/wp-json\/wp\/v2\/categories?post=33952"},{"taxonomy":"post_tag","embeddable":true,"href":"https:\/\/www.sudoestehoje.com.br\/novoportal\/wp-json\/wp\/v2\/tags?post=33952"}],"curies":[{"name":"wp","href":"https:\/\/api.w.org\/{rel}","templated":true}]}}