
{"id":33948,"date":"2014-01-20T23:30:13","date_gmt":"2014-01-21T02:30:13","guid":{"rendered":"http:\/\/www.sudoestehoje.com.br\/novoportal\/?p=33948"},"modified":"2014-01-20T23:31:23","modified_gmt":"2014-01-21T02:31:23","slug":"alecio-muda-de-operadora","status":"publish","type":"post","link":"https:\/\/www.sudoestehoje.com.br\/novoportal\/2014\/01\/20\/alecio-muda-de-operadora\/","title":{"rendered":"AL\u00c9CIO MUDA DE OPERADORA"},"content":{"rendered":"<p>Depois das desculpas esfarrapadas do vice-prefeito Al\u00e9cio Chaves, que depois de um ano sem fazer nada resolveu gozar f\u00e9rias na Para\u00edba, postando na sua p\u00e1gina no Facebook que n\u00e3o atende \u00e0s liga\u00e7\u00f5es no seu celular para n\u00e3o pagar &#8216;taxa de deslocamento&#8217;, a galera do face descobriu a sua nova operadora de telefonia e postou uma charge bem humorada nas redes sociais. Confira a\u00ed:<\/p>\n<p><a href=\"http:\/\/www.sudoestehoje.com.br\/novoportal\/wp-content\/uploads\/2014\/01\/operadora-al\u00e9cio.jpg\"><img loading=\"lazy\" decoding=\"async\" class=\"aligncenter size-medium wp-image-33949\" alt=\"operadora al\u00e9cio\" src=\"http:\/\/www.sudoestehoje.com.br\/novoportal\/wp-content\/uploads\/2014\/01\/operadora-al\u00e9cio-500x280.jpg\" width=\"500\" height=\"280\" srcset=\"https:\/\/www.sudoestehoje.com.br\/novoportal\/wp-content\/uploads\/2014\/01\/operadora-al\u00e9cio-500x280.jpg 500w, https:\/\/www.sudoestehoje.com.br\/novoportal\/wp-content\/uploads\/2014\/01\/operadora-al\u00e9cio-700x393.jpg 700w, https:\/\/www.sudoestehoje.com.br\/novoportal\/wp-content\/uploads\/2014\/01\/operadora-al\u00e9cio.jpg 960w\" sizes=\"auto, (max-width: 500px) 100vw, 500px\" \/><\/a><\/p>\n<p>&nbsp;<\/p>\n","protected":false},"excerpt":{"rendered":"<p>Depois das desculpas esfarrapadas do vice-prefeito Al\u00e9cio Chaves, que depois de um ano sem fazer nada resolveu gozar f\u00e9rias na Para\u00edba, postando na sua p\u00e1gina no Facebook que n\u00e3o atende \u00e0s liga\u00e7\u00f5es no seu celular para n\u00e3o pagar &#8216;taxa de deslocamento&#8217;, a galera do face descobriu a sua nova operadora de telefonia e postou uma [&hellip;]<\/p>\n","protected":false},"author":2,"featured_media":0,"comment_status":"open","ping_status":"open","sticky":false,"template":"","format":"standard","meta":{"footnotes":"","_links_to":"","_links_to_target":""},"categories":[1],"tags":[],"class_list":["post-33948","post","type-post","status-publish","format-standard","hentry","category-geral"],"views":1579,"_links":{"self":[{"href":"https:\/\/www.sudoestehoje.com.br\/novoportal\/wp-json\/wp\/v2\/posts\/33948","targetHints":{"allow":["GET"]}}],"collection":[{"href":"https:\/\/www.sudoestehoje.com.br\/novoportal\/wp-json\/wp\/v2\/posts"}],"about":[{"href":"https:\/\/www.sudoestehoje.com.br\/novoportal\/wp-json\/wp\/v2\/types\/post"}],"author":[{"embeddable":true,"href":"https:\/\/www.sudoestehoje.com.br\/novoportal\/wp-json\/wp\/v2\/users\/2"}],"replies":[{"embeddable":true,"href":"https:\/\/www.sudoestehoje.com.br\/novoportal\/wp-json\/wp\/v2\/comments?post=33948"}],"version-history":[{"count":2,"href":"https:\/\/www.sudoestehoje.com.br\/novoportal\/wp-json\/wp\/v2\/posts\/33948\/revisions"}],"predecessor-version":[{"id":33951,"href":"https:\/\/www.sudoestehoje.com.br\/novoportal\/wp-json\/wp\/v2\/posts\/33948\/revisions\/33951"}],"wp:attachment":[{"href":"https:\/\/www.sudoestehoje.com.br\/novoportal\/wp-json\/wp\/v2\/media?parent=33948"}],"wp:term":[{"taxonomy":"category","embeddable":true,"href":"https:\/\/www.sudoestehoje.com.br\/novoportal\/wp-json\/wp\/v2\/categories?post=33948"},{"taxonomy":"post_tag","embeddable":true,"href":"https:\/\/www.sudoestehoje.com.br\/novoportal\/wp-json\/wp\/v2\/tags?post=33948"}],"curies":[{"name":"wp","href":"https:\/\/api.w.org\/{rel}","templated":true}]}}