
{"id":33899,"date":"2014-01-19T09:39:36","date_gmt":"2014-01-19T12:39:36","guid":{"rendered":"http:\/\/www.sudoestehoje.com.br\/novoportal\/?p=33899"},"modified":"2014-01-19T09:44:47","modified_gmt":"2014-01-19T12:44:47","slug":"peticao-pede-a-ministra-do-meio-ambiente-que-salve-o-zoo-matinha","status":"publish","type":"post","link":"https:\/\/www.sudoestehoje.com.br\/novoportal\/2014\/01\/19\/peticao-pede-a-ministra-do-meio-ambiente-que-salve-o-zoo-matinha\/","title":{"rendered":"PETI\u00c7\u00c3O PEDE \u00c0 MINISTRA DO MEIO AMBIENTE QUE SALVE O ZOO-MATINHA"},"content":{"rendered":"<div id=\"attachment_33900\" style=\"width: 510px\" class=\"wp-caption aligncenter\"><a href=\"http:\/\/www.sudoestehoje.com.br\/novoportal\/wp-content\/uploads\/2014\/01\/MATINHA.jpg\"><img loading=\"lazy\" decoding=\"async\" aria-describedby=\"caption-attachment-33900\" class=\"size-medium wp-image-33900\" alt=\"Abandonado pela prefeitura, o Zoo-Matinha continua fechado e entregue aos urubus. \" src=\"http:\/\/www.sudoestehoje.com.br\/novoportal\/wp-content\/uploads\/2014\/01\/MATINHA-500x375.jpg\" width=\"500\" height=\"375\" srcset=\"https:\/\/www.sudoestehoje.com.br\/novoportal\/wp-content\/uploads\/2014\/01\/MATINHA-500x375.jpg 500w, https:\/\/www.sudoestehoje.com.br\/novoportal\/wp-content\/uploads\/2014\/01\/MATINHA-700x525.jpg 700w, https:\/\/www.sudoestehoje.com.br\/novoportal\/wp-content\/uploads\/2014\/01\/MATINHA.jpg 1024w\" sizes=\"auto, (max-width: 500px) 100vw, 500px\" \/><\/a><p id=\"caption-attachment-33900\" class=\"wp-caption-text\">Abandonado pela prefeitura, o Zoo-Matinha continua fechado e entregue aos urubus.<\/p><\/div>\n<p>Em um doas maiores sites de peti\u00e7\u00f5es na Internet, uma campanha itapetinguense em favor da Zoo-Matinha,\u00a0 vem ganhando for\u00e7a. At\u00e9 o momento, cerca de 500 pessoas j\u00e1 assinaram a peti\u00e7\u00e3o dirigida para a Ministra de Meio Ambiente, Izabella Teixeira, pedindo a reabertura do Zool\u00f3gico.<\/p>\n<p>PETI\u00c7\u00c3O<\/p>\n<p><em>\u201cO Parque Zoobot\u00e2nico da Matinha \u00e9 o \u00fanico do g\u00eanero em todo o interior da Bahia, al\u00e9m de ser uma reserva da Mata Atl\u00e2ntica. Foi fundado h\u00e1 mais de trinta anos e no momento encontra-se passando por dificuldades, e por falta de recursos, est\u00e1 fechado h\u00e1 mais de um ano.<\/em><\/p>\n<p><em>Os animais est\u00e3o sendo roubados e mortos, al\u00e9m de casos onde urubus est\u00e3o atacando animais vivos.<\/em><\/p>\n<p><em>Como a prefeitura diz n\u00e3o ter recursos suficientes para manter o parque, estamos pedindo a interven\u00e7\u00e3o do Governo Federal no caso, pois n\u00e3o podemos perder um patrim\u00f4nio nacional.<\/em><\/p>\n<p><em>Por favor, ajude a reerguer e manter o nosso Zool\u00f3gico, que n\u00e3o beneficia apenas Itapetinga, \u00e9 um benef\u00edcio para toda a regi\u00e3o.\u201d<\/em><\/p>\n<p>Participe da campanha\u00a0<a href=\"https:\/\/secure.avaaz.org\/po\/petition\/Ministra_Izabella_Teixeira_Salve_o_Parque_Zoobotanico_da_Matinha\/?twi\">(Participe da vota\u00e7\u00e3o aqui )<\/a><\/p>\n","protected":false},"excerpt":{"rendered":"<p>Em um doas maiores sites de peti\u00e7\u00f5es na Internet, uma campanha itapetinguense em favor da Zoo-Matinha,\u00a0 vem ganhando for\u00e7a. At\u00e9 o momento, cerca de 500 pessoas j\u00e1 assinaram a peti\u00e7\u00e3o dirigida para a Ministra de Meio Ambiente, Izabella Teixeira, pedindo a reabertura do Zool\u00f3gico. PETI\u00c7\u00c3O \u201cO Parque Zoobot\u00e2nico da Matinha \u00e9 o \u00fanico do g\u00eanero [&hellip;]<\/p>\n","protected":false},"author":2,"featured_media":0,"comment_status":"open","ping_status":"open","sticky":false,"template":"","format":"standard","meta":{"footnotes":"","_links_to":"","_links_to_target":""},"categories":[1],"tags":[],"class_list":["post-33899","post","type-post","status-publish","format-standard","hentry","category-geral"],"views":1478,"_links":{"self":[{"href":"https:\/\/www.sudoestehoje.com.br\/novoportal\/wp-json\/wp\/v2\/posts\/33899","targetHints":{"allow":["GET"]}}],"collection":[{"href":"https:\/\/www.sudoestehoje.com.br\/novoportal\/wp-json\/wp\/v2\/posts"}],"about":[{"href":"https:\/\/www.sudoestehoje.com.br\/novoportal\/wp-json\/wp\/v2\/types\/post"}],"author":[{"embeddable":true,"href":"https:\/\/www.sudoestehoje.com.br\/novoportal\/wp-json\/wp\/v2\/users\/2"}],"replies":[{"embeddable":true,"href":"https:\/\/www.sudoestehoje.com.br\/novoportal\/wp-json\/wp\/v2\/comments?post=33899"}],"version-history":[{"count":4,"href":"https:\/\/www.sudoestehoje.com.br\/novoportal\/wp-json\/wp\/v2\/posts\/33899\/revisions"}],"predecessor-version":[{"id":33904,"href":"https:\/\/www.sudoestehoje.com.br\/novoportal\/wp-json\/wp\/v2\/posts\/33899\/revisions\/33904"}],"wp:attachment":[{"href":"https:\/\/www.sudoestehoje.com.br\/novoportal\/wp-json\/wp\/v2\/media?parent=33899"}],"wp:term":[{"taxonomy":"category","embeddable":true,"href":"https:\/\/www.sudoestehoje.com.br\/novoportal\/wp-json\/wp\/v2\/categories?post=33899"},{"taxonomy":"post_tag","embeddable":true,"href":"https:\/\/www.sudoestehoje.com.br\/novoportal\/wp-json\/wp\/v2\/tags?post=33899"}],"curies":[{"name":"wp","href":"https:\/\/api.w.org\/{rel}","templated":true}]}}