
{"id":3388,"date":"2011-02-09T09:04:55","date_gmt":"2011-02-09T12:04:55","guid":{"rendered":"http:\/\/www.sudoestehoje.com.br\/novoportal\/?p=3388"},"modified":"2011-02-09T09:04:55","modified_gmt":"2011-02-09T12:04:55","slug":"uesb-reitor-tenta-evitar-greve","status":"publish","type":"post","link":"https:\/\/www.sudoestehoje.com.br\/novoportal\/2011\/02\/09\/uesb-reitor-tenta-evitar-greve\/","title":{"rendered":"UESB: REITOR TENTA EVITAR GREVE"},"content":{"rendered":"<div>\n<pre style=\"text-align: center;\"><em>Foto: Ascom\/Uesb<\/em><\/pre>\n<p style=\"text-align: center;\"><a rel=\"lightbox[34377]\" href=\"http:\/\/www.blogdoanderson.com\/v2\/wp-content\/uploads\/2011\/02\/DSC01615.jpg\"><img loading=\"lazy\" decoding=\"async\" class=\"aligncenter\" title=\"SONY DSC\" src=\"http:\/\/www.blogdoanderson.com\/v2\/wp-content\/uploads\/2011\/02\/DSC01615.jpg\" alt=\"\" width=\"420\" height=\"281\" \/><\/a><\/p>\n<p style=\"text-align: center;\"><em><strong>Reitor tenta acordo para evitar greve no inicio das aulas<\/strong><\/em><\/p>\n<p>\u00a0<\/p>\n<p>REGI\u00c3O SUDOESTE: Ap\u00f3s decis\u00e3o da Adusb, que amea\u00e7a greve antes do in\u00edcio das aulas na Uesb, que de acordo o calend\u00e1rio inicia na pr\u00f3xima segunda-feira (14), o reitor professor Paulo Roberto Pinto, esteve reunido com membros da Adusb, na tarde desta segunda-feira (7). Dentre as principais pautas internas proposta pela Adusb est\u00e1 a \u201cCentralidade da Luta\u201d, que inclui quest\u00f5es trabalhistas, quest\u00f5es institucionais e condi\u00e7\u00f5es de trabalho.<\/p>\n<p>No encontro desta segunda ficou acertado que a Adusb realizar\u00e1 uma assembleia extraordin\u00e1ria na tarde desta quarta-feira (9), no campus de Itapetinga, com presen\u00e7a confirmada do reitor, que ir\u00e1 participar juntamente com a classe docente das discuss\u00f5es sobre t\u00f3picos de interesse da Institui\u00e7\u00e3o. Blog do Anderson<\/p>\n<p><!-- AddThis Button BEGIN --><script type=\"text\/javascript\"><\/script><\/p>\n<div><a href=\"http:\/\/www.addthis.com\/bookmark.php?v=250&amp;username=wp-4bc2e3d95dbe1757\"><img loading=\"lazy\" decoding=\"async\" src=\"http:\/\/s7.addthis.com\/static\/btn\/v2\/lg-share-pt.gif\" alt=\"Bookmark and Share\" width=\"125\" height=\"16\" \/><\/a><script src=\"http:\/\/s7.addthis.com\/js\/250\/addthis_widget.js#username=wp-4bc2e3d95dbe1757\" type=\"text\/javascript\"><\/script><\/div>\n<p><!-- AddThis Button END --><\/div>\n","protected":false},"excerpt":{"rendered":"<p>Foto: Ascom\/Uesb Reitor tenta acordo para evitar greve no inicio das aulas \u00a0 REGI\u00c3O SUDOESTE: Ap\u00f3s decis\u00e3o da Adusb, que amea\u00e7a greve antes do in\u00edcio das aulas na Uesb, que de acordo o calend\u00e1rio inicia na pr\u00f3xima segunda-feira (14), o reitor professor Paulo Roberto Pinto, esteve reunido com membros da Adusb, na tarde desta segunda-feira [&hellip;]<\/p>\n","protected":false},"author":2,"featured_media":0,"comment_status":"open","ping_status":"open","sticky":false,"template":"","format":"standard","meta":{"footnotes":"","_links_to":"","_links_to_target":""},"categories":[1],"tags":[],"class_list":["post-3388","post","type-post","status-publish","format-standard","hentry","category-geral"],"views":1191,"_links":{"self":[{"href":"https:\/\/www.sudoestehoje.com.br\/novoportal\/wp-json\/wp\/v2\/posts\/3388","targetHints":{"allow":["GET"]}}],"collection":[{"href":"https:\/\/www.sudoestehoje.com.br\/novoportal\/wp-json\/wp\/v2\/posts"}],"about":[{"href":"https:\/\/www.sudoestehoje.com.br\/novoportal\/wp-json\/wp\/v2\/types\/post"}],"author":[{"embeddable":true,"href":"https:\/\/www.sudoestehoje.com.br\/novoportal\/wp-json\/wp\/v2\/users\/2"}],"replies":[{"embeddable":true,"href":"https:\/\/www.sudoestehoje.com.br\/novoportal\/wp-json\/wp\/v2\/comments?post=3388"}],"version-history":[{"count":2,"href":"https:\/\/www.sudoestehoje.com.br\/novoportal\/wp-json\/wp\/v2\/posts\/3388\/revisions"}],"predecessor-version":[{"id":3390,"href":"https:\/\/www.sudoestehoje.com.br\/novoportal\/wp-json\/wp\/v2\/posts\/3388\/revisions\/3390"}],"wp:attachment":[{"href":"https:\/\/www.sudoestehoje.com.br\/novoportal\/wp-json\/wp\/v2\/media?parent=3388"}],"wp:term":[{"taxonomy":"category","embeddable":true,"href":"https:\/\/www.sudoestehoje.com.br\/novoportal\/wp-json\/wp\/v2\/categories?post=3388"},{"taxonomy":"post_tag","embeddable":true,"href":"https:\/\/www.sudoestehoje.com.br\/novoportal\/wp-json\/wp\/v2\/tags?post=3388"}],"curies":[{"name":"wp","href":"https:\/\/api.w.org\/{rel}","templated":true}]}}