
{"id":33872,"date":"2014-01-17T11:38:12","date_gmt":"2014-01-17T14:38:12","guid":{"rendered":"http:\/\/www.sudoestehoje.com.br\/novoportal\/?p=33872"},"modified":"2014-01-17T13:00:23","modified_gmt":"2014-01-17T16:00:23","slug":"urgente-vereadora-nidia-oliveira-e-a-nova-prefeita-de-itapetinga","status":"publish","type":"post","link":"https:\/\/www.sudoestehoje.com.br\/novoportal\/2014\/01\/17\/urgente-vereadora-nidia-oliveira-e-a-nova-prefeita-de-itapetinga\/","title":{"rendered":"URGENTE: VEREADORA N\u00cdDIA OLIVEIRA \u00c9 A NOVA PREFEITA DE ITAPETINGA"},"content":{"rendered":"<div id=\"attachment_33873\" style=\"width: 460px\" class=\"wp-caption aligncenter\"><a href=\"http:\/\/www.sudoestehoje.com.br\/novoportal\/wp-content\/uploads\/2014\/01\/nidia-oliveira.jpg\"><img decoding=\"async\" aria-describedby=\"caption-attachment-33873\" class=\" wp-image-33873 \" alt=\"A presidente da C\u00e2mara Municipal assumiu interinamente a prefeitura, no afastamento inexplic\u00e1vel do prefeito e do vice\" src=\"http:\/\/www.sudoestehoje.com.br\/novoportal\/wp-content\/uploads\/2014\/01\/nidia-oliveira.jpg\" width=\"450\" \/><\/a><p id=\"caption-attachment-33873\" class=\"wp-caption-text\">A presidente da C\u00e2mara Municipal assumiu interinamente a prefeitura, no afastamento inexplic\u00e1vel do prefeito e do vice<\/p><\/div>\n<p>Numa manobra pol\u00edtica que ningu\u00e9m entendeu, a presidente da C\u00e2mara Municipal de Itapetinga, vereadora N\u00eddia Oliveira, acaba de assumir interinamente o cargo de prefeita de Itapetinga, devido ao afastamento &#8216;tempor\u00e1rio&#8217; do prefeito Z\u00e9 Carlos, que passou o cargo sob a alega\u00e7\u00e3o de que viajar\u00e1 para Salvador para &#8220;tratar de assuntos do interesse do munic\u00edpio&#8221;, repetindo a mesma &#8216;cantiga&#8217; das outras viagens que fez \u00e0 capital do Estado, todas improdutivas.<\/p>\n<p>CAD\u00ca AL\u00c9CIO?<\/p>\n<p>Com a assun\u00e7\u00e3o do cargo pela vereadora N\u00eddia Oliveira, fica uma pergunta no ar: onde est\u00e1 o vice-prefeito Al\u00e9cio Chaves, o primeiro da linha sucess\u00f3ria municipal?<\/p>\n<p>Isto, evidentemente, d\u00e1 margem a diversas especula\u00e7\u00f5es, como por exemplo a informa\u00e7\u00e3o de que, tanto o prefeito, quanto o vice, tiveram que se ausentar da cidade, para evitar certas &#8220;surpresas&#8221; oriundas da Justi\u00e7a Eleitoral. Outra informa\u00e7\u00e3o que vem circulando nas redes sociais, d\u00e1 conta de que o prefeito Z\u00e9 Carlos, usu\u00e1rio exagerado de bebidas alco\u00f3licas, passar\u00e1 uma boa temporada internado em uma Cl\u00ednica de Recupera\u00e7\u00e3o de Dependentes Qu\u00edmicos, nas imedia\u00e7\u00f5es de Feira de Santana, o que \u00e9 pouco prov\u00e1vel, porque o prefeito possui recursos para se internar em uma cl\u00ednica de alto padr\u00e3o, no Rio, S\u00e3o Paulo ou Belo Horizonte.<\/p>\n<p>Nesta \u00faltima hip\u00f3tese, n\u00e3o seria necess\u00e1rio passar o cargo para a presidente da c\u00e2mara, pois o vice-prefeito estaria apto para assumir o lugar do prefeito, durante o seu tratamento. Mas por que isto n\u00e3o aconteceu?<\/p>\n<p>S\u00e3o v\u00e1rias as indaga\u00e7\u00f5es, que s\u00f3 podem ser respondidas por Al\u00e9cio Chaves, o &#8220;bom crist\u00e3o&#8221;, defensor da verdade. Responda a\u00ed Al\u00e9cio!<\/p>\n<p>Para tristeza geral da cidade, o vereador Amaral Junior assume a presid\u00eancia da C\u00e2mara Municipal, mas apenas no per\u00edodo de recesso e sem direito a mexer no duod\u00e9cimo, por precau\u00e7\u00e3o.<\/p>\n<p><strong><em>Por Davi Ferraz<\/em><\/strong><\/p>\n","protected":false},"excerpt":{"rendered":"<p>Numa manobra pol\u00edtica que ningu\u00e9m entendeu, a presidente da C\u00e2mara Municipal de Itapetinga, vereadora N\u00eddia Oliveira, acaba de assumir interinamente o cargo de prefeita de Itapetinga, devido ao afastamento &#8216;tempor\u00e1rio&#8217; do prefeito Z\u00e9 Carlos, que passou o cargo sob a alega\u00e7\u00e3o de que viajar\u00e1 para Salvador para &#8220;tratar de assuntos do interesse do munic\u00edpio&#8221;, repetindo [&hellip;]<\/p>\n","protected":false},"author":2,"featured_media":0,"comment_status":"open","ping_status":"open","sticky":false,"template":"","format":"standard","meta":{"footnotes":"","_links_to":"","_links_to_target":""},"categories":[1],"tags":[],"class_list":["post-33872","post","type-post","status-publish","format-standard","hentry","category-geral"],"views":1838,"_links":{"self":[{"href":"https:\/\/www.sudoestehoje.com.br\/novoportal\/wp-json\/wp\/v2\/posts\/33872","targetHints":{"allow":["GET"]}}],"collection":[{"href":"https:\/\/www.sudoestehoje.com.br\/novoportal\/wp-json\/wp\/v2\/posts"}],"about":[{"href":"https:\/\/www.sudoestehoje.com.br\/novoportal\/wp-json\/wp\/v2\/types\/post"}],"author":[{"embeddable":true,"href":"https:\/\/www.sudoestehoje.com.br\/novoportal\/wp-json\/wp\/v2\/users\/2"}],"replies":[{"embeddable":true,"href":"https:\/\/www.sudoestehoje.com.br\/novoportal\/wp-json\/wp\/v2\/comments?post=33872"}],"version-history":[{"count":3,"href":"https:\/\/www.sudoestehoje.com.br\/novoportal\/wp-json\/wp\/v2\/posts\/33872\/revisions"}],"predecessor-version":[{"id":33876,"href":"https:\/\/www.sudoestehoje.com.br\/novoportal\/wp-json\/wp\/v2\/posts\/33872\/revisions\/33876"}],"wp:attachment":[{"href":"https:\/\/www.sudoestehoje.com.br\/novoportal\/wp-json\/wp\/v2\/media?parent=33872"}],"wp:term":[{"taxonomy":"category","embeddable":true,"href":"https:\/\/www.sudoestehoje.com.br\/novoportal\/wp-json\/wp\/v2\/categories?post=33872"},{"taxonomy":"post_tag","embeddable":true,"href":"https:\/\/www.sudoestehoje.com.br\/novoportal\/wp-json\/wp\/v2\/tags?post=33872"}],"curies":[{"name":"wp","href":"https:\/\/api.w.org\/{rel}","templated":true}]}}