
{"id":33860,"date":"2014-01-17T00:42:30","date_gmt":"2014-01-17T03:42:30","guid":{"rendered":"http:\/\/www.sudoestehoje.com.br\/novoportal\/?p=33860"},"modified":"2014-01-17T10:53:02","modified_gmt":"2014-01-17T13:53:02","slug":"presidente-da-camara-deve-assumir-prefeitura-a-partir-desta-segunda","status":"publish","type":"post","link":"https:\/\/www.sudoestehoje.com.br\/novoportal\/2014\/01\/17\/presidente-da-camara-deve-assumir-prefeitura-a-partir-desta-segunda\/","title":{"rendered":"PRESIDENTE DA C\u00c2MARA DEVE ASSUMIR PREFEITURA A PARTIR DESTA SEXTA"},"content":{"rendered":"<p style=\"text-align: center;\"><a href=\"http:\/\/www.sudoestehoje.com.br\/novoportal\/wp-content\/uploads\/2014\/01\/NIDIA.jpg\"><img decoding=\"async\" class=\"aligncenter  wp-image-33862\" alt=\"NIDIA\" src=\"http:\/\/www.sudoestehoje.com.br\/novoportal\/wp-content\/uploads\/2014\/01\/NIDIA.jpg\" width=\"450\" \/><\/a><\/p>\n<p>ITAPETINGA: Fonte ligada \u00e0 C\u00e2mara Municipal acaba de informar \u00e0 reda\u00e7\u00e3o do Sudoeste Hoje que a presidente da C\u00e2mara Municipal, N\u00eddia Oliveira, dever\u00e1 assumir interinamente a prefeitura de Itapetinga, a partir desta sexta-feira (17), em substitui\u00e7\u00e3o ao prefeito Z\u00e9 Carlos e ao vice Al\u00e9cio Chaves, que teriam entrado de &#8216;f\u00e9rias&#8217;.<\/p>\n<p>A informa\u00e7\u00e3o, embora de fonte fidedigna, \u00e9 estranha, mas casa com outra informa\u00e7\u00e3o que vem circulando pela cidade, dando conta de que a Justi\u00e7a Eleitoral j\u00e1 decidiu pela cassa\u00e7\u00e3o do prefeito Z\u00e9 Carlos e Al\u00e9cio Chaves, o que teria levado a dupla a se afastar da cidade, para n\u00e3o receberem qualquer notifica\u00e7\u00e3o judicial no primeiro momento da publica\u00e7\u00e3o da senten\u00e7a no Di\u00e1rio Oficial. Assim, o prefeito e seu vice ganhariam um tempo precioso para correrem atr\u00e1s de um recurso no TRE.<\/p>\n<p>Como em pol\u00edtica nada \u00e9 imposs\u00edvel, \u00e9 bom ficar de olho, pois muita coisa poder\u00e1 acontecer nos pr\u00f3ximos dias. Vamos ent\u00e3o aguardar o desenrolar dos fatos, para entender melhor os motivos que levaram o prefeito a transferir o cargo para a presidente da c\u00e2mara e n\u00e3o para o vice Al\u00e9cio Chaves.<\/p>\n<p>H\u00e1 tamb\u00e9m a informa\u00e7\u00e3o de que o prefeito Z\u00e9 Carlos est\u00e1 sendo encaminhado para uma Cl\u00ednica de Recupera\u00e7\u00e3o de Dependentes Qu\u00edmicos, pr\u00f3ximo a Feira de Santana.<\/p>\n<p>Como sempre, o prefeito dever\u00e1 anunciar que estar\u00e1 tratando de assuntos do interesse do munic\u00edpio, em Salvador, pela cent\u00e9sima vez.<\/p>\n<p><strong><em>Por Davi Ferraz<\/em><\/strong><\/p>\n","protected":false},"excerpt":{"rendered":"<p>ITAPETINGA: Fonte ligada \u00e0 C\u00e2mara Municipal acaba de informar \u00e0 reda\u00e7\u00e3o do Sudoeste Hoje que a presidente da C\u00e2mara Municipal, N\u00eddia Oliveira, dever\u00e1 assumir interinamente a prefeitura de Itapetinga, a partir desta sexta-feira (17), em substitui\u00e7\u00e3o ao prefeito Z\u00e9 Carlos e ao vice Al\u00e9cio Chaves, que teriam entrado de &#8216;f\u00e9rias&#8217;. A informa\u00e7\u00e3o, embora de fonte [&hellip;]<\/p>\n","protected":false},"author":2,"featured_media":0,"comment_status":"open","ping_status":"open","sticky":false,"template":"","format":"standard","meta":{"footnotes":"","_links_to":"","_links_to_target":""},"categories":[1],"tags":[],"class_list":["post-33860","post","type-post","status-publish","format-standard","hentry","category-geral"],"views":1052,"_links":{"self":[{"href":"https:\/\/www.sudoestehoje.com.br\/novoportal\/wp-json\/wp\/v2\/posts\/33860","targetHints":{"allow":["GET"]}}],"collection":[{"href":"https:\/\/www.sudoestehoje.com.br\/novoportal\/wp-json\/wp\/v2\/posts"}],"about":[{"href":"https:\/\/www.sudoestehoje.com.br\/novoportal\/wp-json\/wp\/v2\/types\/post"}],"author":[{"embeddable":true,"href":"https:\/\/www.sudoestehoje.com.br\/novoportal\/wp-json\/wp\/v2\/users\/2"}],"replies":[{"embeddable":true,"href":"https:\/\/www.sudoestehoje.com.br\/novoportal\/wp-json\/wp\/v2\/comments?post=33860"}],"version-history":[{"count":10,"href":"https:\/\/www.sudoestehoje.com.br\/novoportal\/wp-json\/wp\/v2\/posts\/33860\/revisions"}],"predecessor-version":[{"id":33871,"href":"https:\/\/www.sudoestehoje.com.br\/novoportal\/wp-json\/wp\/v2\/posts\/33860\/revisions\/33871"}],"wp:attachment":[{"href":"https:\/\/www.sudoestehoje.com.br\/novoportal\/wp-json\/wp\/v2\/media?parent=33860"}],"wp:term":[{"taxonomy":"category","embeddable":true,"href":"https:\/\/www.sudoestehoje.com.br\/novoportal\/wp-json\/wp\/v2\/categories?post=33860"},{"taxonomy":"post_tag","embeddable":true,"href":"https:\/\/www.sudoestehoje.com.br\/novoportal\/wp-json\/wp\/v2\/tags?post=33860"}],"curies":[{"name":"wp","href":"https:\/\/api.w.org\/{rel}","templated":true}]}}