
{"id":33838,"date":"2014-01-15T23:58:27","date_gmt":"2014-01-16T02:58:27","guid":{"rendered":"http:\/\/www.sudoestehoje.com.br\/novoportal\/?p=33838"},"modified":"2014-01-15T23:58:27","modified_gmt":"2014-01-16T02:58:27","slug":"leitor-do-blog-filma-onibus-pegando-fogo-na-ladeira-do-marcal","status":"publish","type":"post","link":"https:\/\/www.sudoestehoje.com.br\/novoportal\/2014\/01\/15\/leitor-do-blog-filma-onibus-pegando-fogo-na-ladeira-do-marcal\/","title":{"rendered":"LEITOR DO BLOG FILMA \u00d4NIBUS PEGANDO FOGO NA LADEIRA DO MAR\u00c7AL"},"content":{"rendered":"<p>Na tarde desta ter\u00e7a-feira, o leitor Robson &#8216;Barrela&#8217; flagrou o momento exato em que um \u00f4nibus da empresa Transnorte pegou fogo na Ladeira do Mar\u00e7al, pr\u00f3ximo a Vit\u00f3ria da Conquista. O \u00f4nibus transportava 12 passageiros, mas ningu\u00e9m se feriu. O inc\u00eandio come\u00e7ou com \u00f3leo\u00a0caindo sobre o filtro. O motorista tentou apagar com\u00a0o extintor, mas sem sucesso. A pista ficou interditada por duas horas. Confira as imagens:<\/p>\n<p>http:\/\/www.youtube.com\/watch?v=ioupO4Olhi0&#038;feature=youtu.be<\/p>\n<p>&nbsp;<\/p>\n","protected":false},"excerpt":{"rendered":"<p>Na tarde desta ter\u00e7a-feira, o leitor Robson &#8216;Barrela&#8217; flagrou o momento exato em que um \u00f4nibus da empresa Transnorte pegou fogo na Ladeira do Mar\u00e7al, pr\u00f3ximo a Vit\u00f3ria da Conquista. O \u00f4nibus transportava 12 passageiros, mas ningu\u00e9m se feriu. O inc\u00eandio come\u00e7ou com \u00f3leo\u00a0caindo sobre o filtro. O motorista tentou apagar com\u00a0o extintor, mas sem [&hellip;]<\/p>\n","protected":false},"author":2,"featured_media":0,"comment_status":"open","ping_status":"open","sticky":false,"template":"","format":"standard","meta":{"footnotes":"","_links_to":"","_links_to_target":""},"categories":[1],"tags":[],"class_list":["post-33838","post","type-post","status-publish","format-standard","hentry","category-geral"],"views":1846,"_links":{"self":[{"href":"https:\/\/www.sudoestehoje.com.br\/novoportal\/wp-json\/wp\/v2\/posts\/33838","targetHints":{"allow":["GET"]}}],"collection":[{"href":"https:\/\/www.sudoestehoje.com.br\/novoportal\/wp-json\/wp\/v2\/posts"}],"about":[{"href":"https:\/\/www.sudoestehoje.com.br\/novoportal\/wp-json\/wp\/v2\/types\/post"}],"author":[{"embeddable":true,"href":"https:\/\/www.sudoestehoje.com.br\/novoportal\/wp-json\/wp\/v2\/users\/2"}],"replies":[{"embeddable":true,"href":"https:\/\/www.sudoestehoje.com.br\/novoportal\/wp-json\/wp\/v2\/comments?post=33838"}],"version-history":[{"count":2,"href":"https:\/\/www.sudoestehoje.com.br\/novoportal\/wp-json\/wp\/v2\/posts\/33838\/revisions"}],"predecessor-version":[{"id":33840,"href":"https:\/\/www.sudoestehoje.com.br\/novoportal\/wp-json\/wp\/v2\/posts\/33838\/revisions\/33840"}],"wp:attachment":[{"href":"https:\/\/www.sudoestehoje.com.br\/novoportal\/wp-json\/wp\/v2\/media?parent=33838"}],"wp:term":[{"taxonomy":"category","embeddable":true,"href":"https:\/\/www.sudoestehoje.com.br\/novoportal\/wp-json\/wp\/v2\/categories?post=33838"},{"taxonomy":"post_tag","embeddable":true,"href":"https:\/\/www.sudoestehoje.com.br\/novoportal\/wp-json\/wp\/v2\/tags?post=33838"}],"curies":[{"name":"wp","href":"https:\/\/api.w.org\/{rel}","templated":true}]}}