
{"id":33828,"date":"2014-01-15T22:48:24","date_gmt":"2014-01-16T01:48:24","guid":{"rendered":"http:\/\/www.sudoestehoje.com.br\/novoportal\/?p=33828"},"modified":"2014-01-15T22:48:24","modified_gmt":"2014-01-16T01:48:24","slug":"iguai-esta-sem-agua-ha-dois-dias","status":"publish","type":"post","link":"https:\/\/www.sudoestehoje.com.br\/novoportal\/2014\/01\/15\/iguai-esta-sem-agua-ha-dois-dias\/","title":{"rendered":"IGUA\u00cd EST\u00c1 SEM \u00c1GUA H\u00c1 DOIS DIAS"},"content":{"rendered":"<p><b id=\"yui_3_13_0_ym1_1_1389835793402_9370\"><a href=\"http:\/\/www.sudoestehoje.com.br\/novoportal\/wp-content\/uploads\/2014\/01\/iguai.jpg\"><img loading=\"lazy\" decoding=\"async\" class=\"aligncenter size-full wp-image-33829\" alt=\"iguai\" src=\"http:\/\/www.sudoestehoje.com.br\/novoportal\/wp-content\/uploads\/2014\/01\/iguai.jpg\" width=\"500\" height=\"375\" \/><\/a><\/b><\/p>\n<p>&nbsp;<\/p>\n<p>A aus\u00eancia de \u00e1gua nas torneiras na cidade de Igua\u00ed, distante a 497 hm de Salvador, est\u00e1 acarretando v\u00e1rios transtornos aos seus moradores e provocando revolta entre eles.<\/p>\n<p>\u201dUma cidade cujo nome significa \u2018fonte de \u00e1gua\u2019 e faltar \u00e1gua por dois dias, \u00e9 um absurdo\u201d, dispara a dona de casa Antonia Almeida de Jesus, que mora com o marido e dois filhos no bairro do Corante, em Igua\u00ed.\u00a0Milhares de pessoas est\u00e3o sem \u00e1gua h\u00e1 quase 48 horas, na mesma situa\u00e7\u00e3o que a indignada dona de casa.<\/p>\n<p>O Blog Veja Igua\u00ed ligou diversas vezes para o escrit\u00f3rio da Embasa na cidade para saber os motivos da falta de \u00e1gua, mas uma grava\u00e7\u00e3o diz que o n\u00famero \u201cn\u00e3o est\u00e1 recebendo liga\u00e7\u00f5es\u201d. Tamb\u00e9m ligamos para servi\u00e7o telef\u00f4nico \u201c0800\u2033 da Embasa, segundo a atendente que n\u00e3o se identificou, n\u00e3o h\u00e1 registro de falta de abastecimento no municipio, e pasmem: n\u00e3o se registra protocolo de reclama\u00e7\u00e3o.<\/p>\n<p>\u201cFicar sem internet consegui-se viver tranquilamente. Ficar sem energia, tem os problemas com rotina moderna, mas consegui-se sobreviver. Agora sem \u00e1gua n\u00e3o tem como viver\u201d, poetiza a servidora p\u00fablica Eliandra Barros revoltada com situa\u00e7\u00e3o preocupante.<\/p>\n","protected":false},"excerpt":{"rendered":"<p>&nbsp; A aus\u00eancia de \u00e1gua nas torneiras na cidade de Igua\u00ed, distante a 497 hm de Salvador, est\u00e1 acarretando v\u00e1rios transtornos aos seus moradores e provocando revolta entre eles. \u201dUma cidade cujo nome significa \u2018fonte de \u00e1gua\u2019 e faltar \u00e1gua por dois dias, \u00e9 um absurdo\u201d, dispara a dona de casa Antonia Almeida de Jesus, [&hellip;]<\/p>\n","protected":false},"author":2,"featured_media":0,"comment_status":"open","ping_status":"open","sticky":false,"template":"","format":"standard","meta":{"footnotes":"","_links_to":"","_links_to_target":""},"categories":[1],"tags":[],"class_list":["post-33828","post","type-post","status-publish","format-standard","hentry","category-geral"],"views":2464,"_links":{"self":[{"href":"https:\/\/www.sudoestehoje.com.br\/novoportal\/wp-json\/wp\/v2\/posts\/33828","targetHints":{"allow":["GET"]}}],"collection":[{"href":"https:\/\/www.sudoestehoje.com.br\/novoportal\/wp-json\/wp\/v2\/posts"}],"about":[{"href":"https:\/\/www.sudoestehoje.com.br\/novoportal\/wp-json\/wp\/v2\/types\/post"}],"author":[{"embeddable":true,"href":"https:\/\/www.sudoestehoje.com.br\/novoportal\/wp-json\/wp\/v2\/users\/2"}],"replies":[{"embeddable":true,"href":"https:\/\/www.sudoestehoje.com.br\/novoportal\/wp-json\/wp\/v2\/comments?post=33828"}],"version-history":[{"count":2,"href":"https:\/\/www.sudoestehoje.com.br\/novoportal\/wp-json\/wp\/v2\/posts\/33828\/revisions"}],"predecessor-version":[{"id":33831,"href":"https:\/\/www.sudoestehoje.com.br\/novoportal\/wp-json\/wp\/v2\/posts\/33828\/revisions\/33831"}],"wp:attachment":[{"href":"https:\/\/www.sudoestehoje.com.br\/novoportal\/wp-json\/wp\/v2\/media?parent=33828"}],"wp:term":[{"taxonomy":"category","embeddable":true,"href":"https:\/\/www.sudoestehoje.com.br\/novoportal\/wp-json\/wp\/v2\/categories?post=33828"},{"taxonomy":"post_tag","embeddable":true,"href":"https:\/\/www.sudoestehoje.com.br\/novoportal\/wp-json\/wp\/v2\/tags?post=33828"}],"curies":[{"name":"wp","href":"https:\/\/api.w.org\/{rel}","templated":true}]}}