
{"id":33802,"date":"2014-01-15T01:22:31","date_gmt":"2014-01-15T04:22:31","guid":{"rendered":"http:\/\/www.sudoestehoje.com.br\/novoportal\/?p=33802"},"modified":"2014-01-15T01:39:45","modified_gmt":"2014-01-15T04:39:45","slug":"sindicalista-da-cut-acusa-amaral-de-acumular-salarios-da-comutran-e-da-camara-de-vereadores","status":"publish","type":"post","link":"https:\/\/www.sudoestehoje.com.br\/novoportal\/2014\/01\/15\/sindicalista-da-cut-acusa-amaral-de-acumular-salarios-da-comutran-e-da-camara-de-vereadores\/","title":{"rendered":"SINDICALISTA DA CUT ACUSA AMARAL DE ACUMULAR SAL\u00c1RIOS DA COMUTRAN E C\u00c2MARA DE VEREADORES"},"content":{"rendered":"<p style=\"text-align: center;\"><a href=\"http:\/\/www.sudoestehoje.com.br\/novoportal\/wp-content\/uploads\/2014\/01\/amaral1-400x164.jpg\"><img decoding=\"async\" class=\"aligncenter  wp-image-33805\" alt=\"amaral1-400x164\" src=\"http:\/\/www.sudoestehoje.com.br\/novoportal\/wp-content\/uploads\/2014\/01\/amaral1-400x164.jpg\" width=\"500\" \/><\/a><\/p>\n<p>O presidente do SINDILIMP-CUT, Jos\u00e9 Carlos, em entrevista ao programa Resenha da Cidade, nesta ter\u00e7a-feira, disse que vai fazer uma representa\u00e7\u00e3o contra o vereador Amaral J\u00fanior (PRP) junto ao Minist\u00e9rio P\u00fablico, por ac\u00famulo de cargos no munic\u00edpio. Segundo o sindicalista, o edil recebe como vereador e tamb\u00e9m como funcion\u00e1rio da Comutran, s\u00f3 que ele n\u00e3o\u00a0 comparece ao \u00f3rg\u00e3o.<\/p>\n<p>O atrito entre o vereador Amaral e o l\u00edder sindical teve in\u00edcio a partir das cr\u00edticas do vereador ao SINDILIMP, por ter organizado uma paralisa\u00e7\u00e3o na tarde da \u00faltima segunda-feira (13) sem um aviso pr\u00e9vio. No seu programa de r\u00e1dio, o vereador governista tamb\u00e9m fez alguns gracejos com os propriet\u00e1rios da empresa encarregada da coleta de lixo na cidade, sugerindo que eles fizessem um empr\u00e9stimo banc\u00e1rio para pagar os seus empregados, o que gerou a rea\u00e7\u00e3o dos garis, atrav\u00e9s do sindicato.<\/p>\n<p>A Constitui\u00e7\u00e3o Federal pro\u00edbe o exerc\u00edcio de qualquer outro cargo p\u00fablico pelo vereador, no munic\u00edpio do seu domic\u00edlio eleitoral, sob pena de perda do mandato eletivo. Informa\u00e7\u00f5es do\u00a0Tribuna de Itapetinga<\/p>\n","protected":false},"excerpt":{"rendered":"<p>O presidente do SINDILIMP-CUT, Jos\u00e9 Carlos, em entrevista ao programa Resenha da Cidade, nesta ter\u00e7a-feira, disse que vai fazer uma representa\u00e7\u00e3o contra o vereador Amaral J\u00fanior (PRP) junto ao Minist\u00e9rio P\u00fablico, por ac\u00famulo de cargos no munic\u00edpio. Segundo o sindicalista, o edil recebe como vereador e tamb\u00e9m como funcion\u00e1rio da Comutran, s\u00f3 que ele n\u00e3o\u00a0 [&hellip;]<\/p>\n","protected":false},"author":2,"featured_media":0,"comment_status":"open","ping_status":"open","sticky":false,"template":"","format":"standard","meta":{"footnotes":"","_links_to":"","_links_to_target":""},"categories":[1],"tags":[],"class_list":["post-33802","post","type-post","status-publish","format-standard","hentry","category-geral"],"views":1439,"_links":{"self":[{"href":"https:\/\/www.sudoestehoje.com.br\/novoportal\/wp-json\/wp\/v2\/posts\/33802","targetHints":{"allow":["GET"]}}],"collection":[{"href":"https:\/\/www.sudoestehoje.com.br\/novoportal\/wp-json\/wp\/v2\/posts"}],"about":[{"href":"https:\/\/www.sudoestehoje.com.br\/novoportal\/wp-json\/wp\/v2\/types\/post"}],"author":[{"embeddable":true,"href":"https:\/\/www.sudoestehoje.com.br\/novoportal\/wp-json\/wp\/v2\/users\/2"}],"replies":[{"embeddable":true,"href":"https:\/\/www.sudoestehoje.com.br\/novoportal\/wp-json\/wp\/v2\/comments?post=33802"}],"version-history":[{"count":8,"href":"https:\/\/www.sudoestehoje.com.br\/novoportal\/wp-json\/wp\/v2\/posts\/33802\/revisions"}],"predecessor-version":[{"id":33811,"href":"https:\/\/www.sudoestehoje.com.br\/novoportal\/wp-json\/wp\/v2\/posts\/33802\/revisions\/33811"}],"wp:attachment":[{"href":"https:\/\/www.sudoestehoje.com.br\/novoportal\/wp-json\/wp\/v2\/media?parent=33802"}],"wp:term":[{"taxonomy":"category","embeddable":true,"href":"https:\/\/www.sudoestehoje.com.br\/novoportal\/wp-json\/wp\/v2\/categories?post=33802"},{"taxonomy":"post_tag","embeddable":true,"href":"https:\/\/www.sudoestehoje.com.br\/novoportal\/wp-json\/wp\/v2\/tags?post=33802"}],"curies":[{"name":"wp","href":"https:\/\/api.w.org\/{rel}","templated":true}]}}