
{"id":338,"date":"2010-08-13T18:33:05","date_gmt":"2010-08-13T21:33:05","guid":{"rendered":"http:\/\/sudoestehoje.tempsite.ws\/novoportal\/?p=338"},"modified":"2010-09-18T14:50:54","modified_gmt":"2010-09-18T17:50:54","slug":"na-bahia-serra-lanca-plano-de-seguranca","status":"publish","type":"post","link":"https:\/\/www.sudoestehoje.com.br\/novoportal\/2010\/08\/13\/na-bahia-serra-lanca-plano-de-seguranca\/","title":{"rendered":"NA BAHIA, SERRA LAN\u00c7A PLANO DE SEGURAN\u00c7A"},"content":{"rendered":"<div>\n<div style=\"text-align: center;\">\n<strong>Serra \u00e9 recepcionado por aliados e grupos culturais baianos<\/strong><\/div>\n<p style=\"text-align: center;\"><img loading=\"lazy\" decoding=\"async\" src=\"http:\/\/www.bahianoticias.com.br\/fotos\/editor\/Image\/SERRA_IMBASSAHY_ALELUIA_PELOURINHO_MAXHAAXK.jpg\" border=\"0\" alt=\"\" width=\"350\" height=\"233\" \/><\/p>\n<div>Na  quinta vez em que o presidenci\u00e1vel tucano, Jos\u00e9 Serra, desembarcou na  Bahia nesta sexta-feira (13) a coordena\u00e7\u00e3o da sua campanha no estado  organizou uma grande festa para o candidato no Pelourinho, em Salvador.  Desta vez, o postulante \u00e0 sucess\u00e3o do Planalto n\u00e3o ficar\u00e1 por muito  tempo na capital. Ele veio lan\u00e7ar um plano nacional que contempla a  cria\u00e7\u00e3o do Minist\u00e9rio da Seguran\u00e7a P\u00fablica, caso seja eleito. Desde \u00e0s  15h, os militantes esperavam pelo l\u00edder no Centro Hist\u00f3rico. Serra foi  recepcionado por baianas vestidas a car\u00e1ter, ao ritmo da banda de  percuss\u00e3o Did\u00e1, que \u00e9 formadas s\u00f3 por mulheres. Bahia Noticias<\/div>\n<\/div>\n","protected":false},"excerpt":{"rendered":"<p>Serra \u00e9 recepcionado por aliados e grupos culturais baianos Na quinta vez em que o presidenci\u00e1vel tucano, Jos\u00e9 Serra, desembarcou na Bahia nesta sexta-feira (13) a coordena\u00e7\u00e3o da sua campanha no estado organizou uma grande festa para o candidato no Pelourinho, em Salvador. Desta vez, o postulante \u00e0 sucess\u00e3o do Planalto n\u00e3o ficar\u00e1 por muito [&hellip;]<\/p>\n","protected":false},"author":1,"featured_media":0,"comment_status":"open","ping_status":"open","sticky":false,"template":"","format":"standard","meta":{"footnotes":"","_links_to":"","_links_to_target":""},"categories":[1],"tags":[],"class_list":["post-338","post","type-post","status-publish","format-standard","hentry","category-geral"],"views":1215,"_links":{"self":[{"href":"https:\/\/www.sudoestehoje.com.br\/novoportal\/wp-json\/wp\/v2\/posts\/338","targetHints":{"allow":["GET"]}}],"collection":[{"href":"https:\/\/www.sudoestehoje.com.br\/novoportal\/wp-json\/wp\/v2\/posts"}],"about":[{"href":"https:\/\/www.sudoestehoje.com.br\/novoportal\/wp-json\/wp\/v2\/types\/post"}],"author":[{"embeddable":true,"href":"https:\/\/www.sudoestehoje.com.br\/novoportal\/wp-json\/wp\/v2\/users\/1"}],"replies":[{"embeddable":true,"href":"https:\/\/www.sudoestehoje.com.br\/novoportal\/wp-json\/wp\/v2\/comments?post=338"}],"version-history":[{"count":1,"href":"https:\/\/www.sudoestehoje.com.br\/novoportal\/wp-json\/wp\/v2\/posts\/338\/revisions"}],"predecessor-version":[{"id":339,"href":"https:\/\/www.sudoestehoje.com.br\/novoportal\/wp-json\/wp\/v2\/posts\/338\/revisions\/339"}],"wp:attachment":[{"href":"https:\/\/www.sudoestehoje.com.br\/novoportal\/wp-json\/wp\/v2\/media?parent=338"}],"wp:term":[{"taxonomy":"category","embeddable":true,"href":"https:\/\/www.sudoestehoje.com.br\/novoportal\/wp-json\/wp\/v2\/categories?post=338"},{"taxonomy":"post_tag","embeddable":true,"href":"https:\/\/www.sudoestehoje.com.br\/novoportal\/wp-json\/wp\/v2\/tags?post=338"}],"curies":[{"name":"wp","href":"https:\/\/api.w.org\/{rel}","templated":true}]}}