
{"id":33781,"date":"2014-01-13T23:47:11","date_gmt":"2014-01-14T02:47:11","guid":{"rendered":"http:\/\/www.sudoestehoje.com.br\/novoportal\/?p=33781"},"modified":"2014-01-13T23:47:11","modified_gmt":"2014-01-14T02:47:11","slug":"itarantim-saneamento-e-prioridade-na-administracao-paulo-fernandes","status":"publish","type":"post","link":"https:\/\/www.sudoestehoje.com.br\/novoportal\/2014\/01\/13\/itarantim-saneamento-e-prioridade-na-administracao-paulo-fernandes\/","title":{"rendered":"ITARANTIM: SANEAMENTO \u00c9 PRIORIDADE NA ADMINISTRA\u00c7\u00c3O PAULO FERNANDES"},"content":{"rendered":"<p><a href=\"http:\/\/www.sudoestehoje.com.br\/novoportal\/wp-content\/uploads\/2014\/01\/esgoto.jpg\"><img loading=\"lazy\" decoding=\"async\" class=\"aligncenter size-medium wp-image-33782\" alt=\"esgoto\" src=\"http:\/\/www.sudoestehoje.com.br\/novoportal\/wp-content\/uploads\/2014\/01\/esgoto-500x334.jpg\" width=\"500\" height=\"334\" srcset=\"https:\/\/www.sudoestehoje.com.br\/novoportal\/wp-content\/uploads\/2014\/01\/esgoto-500x334.jpg 500w, https:\/\/www.sudoestehoje.com.br\/novoportal\/wp-content\/uploads\/2014\/01\/esgoto-700x468.jpg 700w, https:\/\/www.sudoestehoje.com.br\/novoportal\/wp-content\/uploads\/2014\/01\/esgoto.jpg 1600w\" sizes=\"auto, (max-width: 500px) 100vw, 500px\" \/><\/a><\/p>\n<p>Bastou um ano de governo, para que o prefeito Paulo Fernandes (PSB) mudasse a cara da cidade. Com uma equipe competente e muita vontade de trabalhar, o prefeito tem proporcionado uma verdadeira revolu\u00e7\u00e3o, tanto na sede como no distrito de Ribeir\u00e3o do Salto e zona rural do munic\u00edpio, que vivia no eterno abandono.<\/p>\n<p>O mau cheiro e o desconforto trazido pelos esgotos a c\u00e9u aberto, agora \u00e9 p\u00e1gina virada. A prefeitura de Itarantim instalou rede de esgoto em algumas ruas do Bairro Anedina de Carvalho, cuja obra iniciou h\u00e1 mais ou menos dois meses, e j\u00e1 foi entregue a popula\u00e7\u00e3o.<a href=\"http:\/\/www.sudoestehoje.com.br\/novoportal\/wp-content\/uploads\/2014\/01\/esgoto-1.jpg\"><img loading=\"lazy\" decoding=\"async\" class=\"aligncenter size-medium wp-image-33783\" alt=\"esgoto 1\" src=\"http:\/\/www.sudoestehoje.com.br\/novoportal\/wp-content\/uploads\/2014\/01\/esgoto-1-500x334.jpg\" width=\"500\" height=\"334\" srcset=\"https:\/\/www.sudoestehoje.com.br\/novoportal\/wp-content\/uploads\/2014\/01\/esgoto-1-500x334.jpg 500w, https:\/\/www.sudoestehoje.com.br\/novoportal\/wp-content\/uploads\/2014\/01\/esgoto-1-700x468.jpg 700w, https:\/\/www.sudoestehoje.com.br\/novoportal\/wp-content\/uploads\/2014\/01\/esgoto-1.jpg 1600w\" sizes=\"auto, (max-width: 500px) 100vw, 500px\" \/><\/a><\/p>\n<p>Sobre as obras no distrito, Dr Paulo afirmou: <i>\u201co segredo \u00e9 o planejamento e coragem para fazer as coisas, e isso n\u00e3o me falta. Realmente n\u00e3o \u00e9 f\u00e1cil administrar um munic\u00edpio pequeno como o nosso, onde o povo sobrevive dos empregos gerados pela prefeitura e da renda da pecu\u00e1ria\u201d.<\/i><\/p>\n<p><i><\/i>Foram v\u00e1rios anos de abandono, e com apenas um ano de governo, o \u00a0prefeito Dr Paulo Fernandes j\u00e1 conseguiu mudar a cara de Itarantim. Ascom<\/p>\n","protected":false},"excerpt":{"rendered":"<p>Bastou um ano de governo, para que o prefeito Paulo Fernandes (PSB) mudasse a cara da cidade. Com uma equipe competente e muita vontade de trabalhar, o prefeito tem proporcionado uma verdadeira revolu\u00e7\u00e3o, tanto na sede como no distrito de Ribeir\u00e3o do Salto e zona rural do munic\u00edpio, que vivia no eterno abandono. O mau [&hellip;]<\/p>\n","protected":false},"author":2,"featured_media":0,"comment_status":"open","ping_status":"open","sticky":false,"template":"","format":"standard","meta":{"footnotes":"","_links_to":"","_links_to_target":""},"categories":[1],"tags":[],"class_list":["post-33781","post","type-post","status-publish","format-standard","hentry","category-geral"],"views":1470,"_links":{"self":[{"href":"https:\/\/www.sudoestehoje.com.br\/novoportal\/wp-json\/wp\/v2\/posts\/33781","targetHints":{"allow":["GET"]}}],"collection":[{"href":"https:\/\/www.sudoestehoje.com.br\/novoportal\/wp-json\/wp\/v2\/posts"}],"about":[{"href":"https:\/\/www.sudoestehoje.com.br\/novoportal\/wp-json\/wp\/v2\/types\/post"}],"author":[{"embeddable":true,"href":"https:\/\/www.sudoestehoje.com.br\/novoportal\/wp-json\/wp\/v2\/users\/2"}],"replies":[{"embeddable":true,"href":"https:\/\/www.sudoestehoje.com.br\/novoportal\/wp-json\/wp\/v2\/comments?post=33781"}],"version-history":[{"count":1,"href":"https:\/\/www.sudoestehoje.com.br\/novoportal\/wp-json\/wp\/v2\/posts\/33781\/revisions"}],"predecessor-version":[{"id":33784,"href":"https:\/\/www.sudoestehoje.com.br\/novoportal\/wp-json\/wp\/v2\/posts\/33781\/revisions\/33784"}],"wp:attachment":[{"href":"https:\/\/www.sudoestehoje.com.br\/novoportal\/wp-json\/wp\/v2\/media?parent=33781"}],"wp:term":[{"taxonomy":"category","embeddable":true,"href":"https:\/\/www.sudoestehoje.com.br\/novoportal\/wp-json\/wp\/v2\/categories?post=33781"},{"taxonomy":"post_tag","embeddable":true,"href":"https:\/\/www.sudoestehoje.com.br\/novoportal\/wp-json\/wp\/v2\/tags?post=33781"}],"curies":[{"name":"wp","href":"https:\/\/api.w.org\/{rel}","templated":true}]}}