
{"id":33779,"date":"2014-01-13T23:00:34","date_gmt":"2014-01-14T02:00:34","guid":{"rendered":"http:\/\/www.sudoestehoje.com.br\/novoportal\/?p=33779"},"modified":"2014-01-13T23:00:34","modified_gmt":"2014-01-14T02:00:34","slug":"caminhao-com-pessoas-de-itarantim-tomba-na-serra-do-marcal","status":"publish","type":"post","link":"https:\/\/www.sudoestehoje.com.br\/novoportal\/2014\/01\/13\/caminhao-com-pessoas-de-itarantim-tomba-na-serra-do-marcal\/","title":{"rendered":"CAMINH\u00c3O COM PESSOAS DE ITARANTIM TOMBA NA SERRA DO MAR\u00c7AL"},"content":{"rendered":"<p><img decoding=\"async\" class=\"aligncenter\" alt=\"\" src=\"http:\/\/i.imgur.com\/UvXD0aI.jpg?1\" width=\"500\" \/><\/p>\n<p>Um caminh\u00e3o caiu de uma altura de 20m, por volta das 5h desta segunda-feira (13), na BA-263 na Serra do Mar\u00e7al em Vit\u00f3ria da Conquista, sudoeste da Bahia. De acordo com informa\u00e7\u00f5es da Pol\u00edcia Rodovi\u00e1ria Estadual, no ve\u00edculo estavam tr\u00eas pessoas que ficaram gravemente feridas.<\/p>\n<p>De acordo com testemunhas, as v\u00edtimas vinham da cidade de Itarantim e seguiam para fazer compras em Vit\u00f3ria da Conquista, quando o condutor perdeu o controle do ve\u00edculo em uma das curvas da serra. As equipes do Servi\u00e7o de Atendimento M\u00f3vel de Urg\u00eancia (SAMU) e da Pol\u00edcia Rodovi\u00e1ria Estadual (PRE) prestaram o socorro. As v\u00edtimas foram levadas para o Hospital Geral de Vit\u00f3ria da Conquista.<\/p>\n","protected":false},"excerpt":{"rendered":"<p>Um caminh\u00e3o caiu de uma altura de 20m, por volta das 5h desta segunda-feira (13), na BA-263 na Serra do Mar\u00e7al em Vit\u00f3ria da Conquista, sudoeste da Bahia. De acordo com informa\u00e7\u00f5es da Pol\u00edcia Rodovi\u00e1ria Estadual, no ve\u00edculo estavam tr\u00eas pessoas que ficaram gravemente feridas. De acordo com testemunhas, as v\u00edtimas vinham da cidade de [&hellip;]<\/p>\n","protected":false},"author":2,"featured_media":0,"comment_status":"open","ping_status":"open","sticky":false,"template":"","format":"standard","meta":{"footnotes":"","_links_to":"","_links_to_target":""},"categories":[1],"tags":[],"class_list":["post-33779","post","type-post","status-publish","format-standard","hentry","category-geral"],"views":3304,"_links":{"self":[{"href":"https:\/\/www.sudoestehoje.com.br\/novoportal\/wp-json\/wp\/v2\/posts\/33779","targetHints":{"allow":["GET"]}}],"collection":[{"href":"https:\/\/www.sudoestehoje.com.br\/novoportal\/wp-json\/wp\/v2\/posts"}],"about":[{"href":"https:\/\/www.sudoestehoje.com.br\/novoportal\/wp-json\/wp\/v2\/types\/post"}],"author":[{"embeddable":true,"href":"https:\/\/www.sudoestehoje.com.br\/novoportal\/wp-json\/wp\/v2\/users\/2"}],"replies":[{"embeddable":true,"href":"https:\/\/www.sudoestehoje.com.br\/novoportal\/wp-json\/wp\/v2\/comments?post=33779"}],"version-history":[{"count":1,"href":"https:\/\/www.sudoestehoje.com.br\/novoportal\/wp-json\/wp\/v2\/posts\/33779\/revisions"}],"predecessor-version":[{"id":33780,"href":"https:\/\/www.sudoestehoje.com.br\/novoportal\/wp-json\/wp\/v2\/posts\/33779\/revisions\/33780"}],"wp:attachment":[{"href":"https:\/\/www.sudoestehoje.com.br\/novoportal\/wp-json\/wp\/v2\/media?parent=33779"}],"wp:term":[{"taxonomy":"category","embeddable":true,"href":"https:\/\/www.sudoestehoje.com.br\/novoportal\/wp-json\/wp\/v2\/categories?post=33779"},{"taxonomy":"post_tag","embeddable":true,"href":"https:\/\/www.sudoestehoje.com.br\/novoportal\/wp-json\/wp\/v2\/tags?post=33779"}],"curies":[{"name":"wp","href":"https:\/\/api.w.org\/{rel}","templated":true}]}}