
{"id":33742,"date":"2014-01-13T10:42:14","date_gmt":"2014-01-13T13:42:14","guid":{"rendered":"http:\/\/www.sudoestehoje.com.br\/novoportal\/?p=33742"},"modified":"2014-01-13T10:42:14","modified_gmt":"2014-01-13T13:42:14","slug":"sandro-regis-critica-forma-como-wagner-se-relaciona-com-a-oposicao","status":"publish","type":"post","link":"https:\/\/www.sudoestehoje.com.br\/novoportal\/2014\/01\/13\/sandro-regis-critica-forma-como-wagner-se-relaciona-com-a-oposicao\/","title":{"rendered":"SANDRO R\u00c9GIS CRITICA FORMA COMO W\u00c1GNER SE RELACIONA COM A OPOSI\u00c7\u00c3O"},"content":{"rendered":"<p><a href=\"http:\/\/www.sudoestehoje.com.br\/novoportal\/wp-content\/uploads\/2014\/01\/REGIS.jpg\"><img loading=\"lazy\" decoding=\"async\" class=\"aligncenter size-medium wp-image-33743\" alt=\"REGIS\" src=\"http:\/\/www.sudoestehoje.com.br\/novoportal\/wp-content\/uploads\/2014\/01\/REGIS-500x271.jpg\" width=\"500\" height=\"271\" srcset=\"https:\/\/www.sudoestehoje.com.br\/novoportal\/wp-content\/uploads\/2014\/01\/REGIS-500x271.jpg 500w, https:\/\/www.sudoestehoje.com.br\/novoportal\/wp-content\/uploads\/2014\/01\/REGIS.jpg 590w\" sizes=\"auto, (max-width: 500px) 100vw, 500px\" \/><\/a><\/p>\n<p>\u201cO governador Jaques Wagner \u00e9 lobo em pele de cordeiro. Na conveni\u00eancia, repreende seus correligion\u00e1rios petistas porque chamaram Eduardo Campos de tolo e playboy. Mas se esquece dos ataques que ele, Wagner, fez a oposicionistas, chamando deputados de imbecis e prefeitos de birutas, quando eles foram de encontro ao seu interesse\u201d, reage o deputado estadual do Democratas, Sandro R\u00e9gis, \u00e0 tentativa do governante baiano, segundo ele, de \u201cbotar panos quentes\u201d no conflito entre petistas e socialistas.<\/p>\n<p>\u201cO jeito petista de governar est\u00e1 reprovado na Bahia. E o povo baiano vai lhe dar a resposta nas urnas este ano, derrubando o candidato de bolso que voc\u00ea lan\u00e7ou\u201d, dispara R\u00e9gis. Para ele, o legado de Jaques Wagner n\u00e3o chegou aos objetivos desejados. \u201cVamos erguer a nossa Bahia, a partir de 2015, depois de oito anos da fracassada gest\u00e3o do PT, que s\u00f3 fez aumentar a viol\u00eancia, o caos na sa\u00fade e os \u00edndices negativos na educa\u00e7\u00e3o\u201d, afirma Sandro R\u00e9gis. Ascom<\/p>\n","protected":false},"excerpt":{"rendered":"<p>\u201cO governador Jaques Wagner \u00e9 lobo em pele de cordeiro. Na conveni\u00eancia, repreende seus correligion\u00e1rios petistas porque chamaram Eduardo Campos de tolo e playboy. Mas se esquece dos ataques que ele, Wagner, fez a oposicionistas, chamando deputados de imbecis e prefeitos de birutas, quando eles foram de encontro ao seu interesse\u201d, reage o deputado estadual [&hellip;]<\/p>\n","protected":false},"author":2,"featured_media":0,"comment_status":"open","ping_status":"open","sticky":false,"template":"","format":"standard","meta":{"footnotes":"","_links_to":"","_links_to_target":""},"categories":[1],"tags":[],"class_list":["post-33742","post","type-post","status-publish","format-standard","hentry","category-geral"],"views":1161,"_links":{"self":[{"href":"https:\/\/www.sudoestehoje.com.br\/novoportal\/wp-json\/wp\/v2\/posts\/33742","targetHints":{"allow":["GET"]}}],"collection":[{"href":"https:\/\/www.sudoestehoje.com.br\/novoportal\/wp-json\/wp\/v2\/posts"}],"about":[{"href":"https:\/\/www.sudoestehoje.com.br\/novoportal\/wp-json\/wp\/v2\/types\/post"}],"author":[{"embeddable":true,"href":"https:\/\/www.sudoestehoje.com.br\/novoportal\/wp-json\/wp\/v2\/users\/2"}],"replies":[{"embeddable":true,"href":"https:\/\/www.sudoestehoje.com.br\/novoportal\/wp-json\/wp\/v2\/comments?post=33742"}],"version-history":[{"count":2,"href":"https:\/\/www.sudoestehoje.com.br\/novoportal\/wp-json\/wp\/v2\/posts\/33742\/revisions"}],"predecessor-version":[{"id":33745,"href":"https:\/\/www.sudoestehoje.com.br\/novoportal\/wp-json\/wp\/v2\/posts\/33742\/revisions\/33745"}],"wp:attachment":[{"href":"https:\/\/www.sudoestehoje.com.br\/novoportal\/wp-json\/wp\/v2\/media?parent=33742"}],"wp:term":[{"taxonomy":"category","embeddable":true,"href":"https:\/\/www.sudoestehoje.com.br\/novoportal\/wp-json\/wp\/v2\/categories?post=33742"},{"taxonomy":"post_tag","embeddable":true,"href":"https:\/\/www.sudoestehoje.com.br\/novoportal\/wp-json\/wp\/v2\/tags?post=33742"}],"curies":[{"name":"wp","href":"https:\/\/api.w.org\/{rel}","templated":true}]}}