
{"id":33725,"date":"2014-01-10T20:25:26","date_gmt":"2014-01-10T23:25:26","guid":{"rendered":"http:\/\/www.sudoestehoje.com.br\/novoportal\/?p=33725"},"modified":"2014-01-10T20:25:26","modified_gmt":"2014-01-10T23:25:26","slug":"portuguesa-consegue-liminar-na-justica-comum-e-volta-a-serie-a","status":"publish","type":"post","link":"https:\/\/www.sudoestehoje.com.br\/novoportal\/2014\/01\/10\/portuguesa-consegue-liminar-na-justica-comum-e-volta-a-serie-a\/","title":{"rendered":"PORTUGUESA CONSEGUE LIMINAR NA JUSTI\u00c7A COMUM E VOLTA \u00c0 S\u00c9RIE A"},"content":{"rendered":"<p><img decoding=\"async\" class=\"aligncenter\" alt=\"\" src=\"http:\/\/www.lancenet.com.br\/fotos\/Protesto-Portuguesa-Eduardo-Viana-LANCEPress_LANIMA20131214_0057_25.jpg\" width=\"500\" \/><\/p>\n<p>S\u00c3O PAULO &#8211; A 42\u00aa Vara C\u00edvel de S\u00e3o Paulo determinou na tarde desta sexta-feira que a CBF devolva os quatro pontos retirados da\u00a0<a href=\"http:\/\/topicos.estadao.com.br\/portuguesa\">Portuguesa<\/a>\u00a0no Campeonato Brasileiro devido \u00e0 escala\u00e7\u00e3o irregular do meia H\u00e9verton, contra o Gr\u00eamio. A decis\u00e3o concede uma liminar ao advogado e torcedor da Portuguesa Daniel Neves e foi concedida pelo juiz Marcello do Amaral Perino, o mesmo que havia dado ganho de causa para um flamenguista na manh\u00e3 desta sexta-feira. Com isso, a Portuguesa est\u00e1 de volta \u00e0 S\u00e9rie A, mas cabe recurso da decis\u00e3o.<\/p>\n<p>A decis\u00e3o mexe novamente na tabela do Campeonato Brasileiro 2013. Com a revers\u00e3o da puni\u00e7\u00e3o para Portuguesa e Flamengo, o Fluminense, que j\u00e1 comemorava a garantia na S\u00e9rie A em 2014, volta para zona de rebaixamento e com isso, disputar\u00e1 a Segunda divis\u00e3o da competi\u00e7\u00e3o nacional neste ano.<\/p>\n<p><strong><em>Estad\u00e3o<\/em><\/strong><\/p>\n","protected":false},"excerpt":{"rendered":"<p>S\u00c3O PAULO &#8211; A 42\u00aa Vara C\u00edvel de S\u00e3o Paulo determinou na tarde desta sexta-feira que a CBF devolva os quatro pontos retirados da\u00a0Portuguesa\u00a0no Campeonato Brasileiro devido \u00e0 escala\u00e7\u00e3o irregular do meia H\u00e9verton, contra o Gr\u00eamio. A decis\u00e3o concede uma liminar ao advogado e torcedor da Portuguesa Daniel Neves e foi concedida pelo juiz Marcello [&hellip;]<\/p>\n","protected":false},"author":2,"featured_media":0,"comment_status":"open","ping_status":"open","sticky":false,"template":"","format":"standard","meta":{"footnotes":"","_links_to":"","_links_to_target":""},"categories":[1],"tags":[],"class_list":["post-33725","post","type-post","status-publish","format-standard","hentry","category-geral"],"views":1143,"_links":{"self":[{"href":"https:\/\/www.sudoestehoje.com.br\/novoportal\/wp-json\/wp\/v2\/posts\/33725","targetHints":{"allow":["GET"]}}],"collection":[{"href":"https:\/\/www.sudoestehoje.com.br\/novoportal\/wp-json\/wp\/v2\/posts"}],"about":[{"href":"https:\/\/www.sudoestehoje.com.br\/novoportal\/wp-json\/wp\/v2\/types\/post"}],"author":[{"embeddable":true,"href":"https:\/\/www.sudoestehoje.com.br\/novoportal\/wp-json\/wp\/v2\/users\/2"}],"replies":[{"embeddable":true,"href":"https:\/\/www.sudoestehoje.com.br\/novoportal\/wp-json\/wp\/v2\/comments?post=33725"}],"version-history":[{"count":2,"href":"https:\/\/www.sudoestehoje.com.br\/novoportal\/wp-json\/wp\/v2\/posts\/33725\/revisions"}],"predecessor-version":[{"id":33727,"href":"https:\/\/www.sudoestehoje.com.br\/novoportal\/wp-json\/wp\/v2\/posts\/33725\/revisions\/33727"}],"wp:attachment":[{"href":"https:\/\/www.sudoestehoje.com.br\/novoportal\/wp-json\/wp\/v2\/media?parent=33725"}],"wp:term":[{"taxonomy":"category","embeddable":true,"href":"https:\/\/www.sudoestehoje.com.br\/novoportal\/wp-json\/wp\/v2\/categories?post=33725"},{"taxonomy":"post_tag","embeddable":true,"href":"https:\/\/www.sudoestehoje.com.br\/novoportal\/wp-json\/wp\/v2\/tags?post=33725"}],"curies":[{"name":"wp","href":"https:\/\/api.w.org\/{rel}","templated":true}]}}