
{"id":33723,"date":"2014-01-09T23:19:58","date_gmt":"2014-01-10T02:19:58","guid":{"rendered":"http:\/\/www.sudoestehoje.com.br\/novoportal\/?p=33723"},"modified":"2014-01-09T23:19:58","modified_gmt":"2014-01-10T02:19:58","slug":"prefeitura-de-itapetinga-anuncia-demissao-de-650-servidores-contratados-2","status":"publish","type":"post","link":"https:\/\/www.sudoestehoje.com.br\/novoportal\/2014\/01\/09\/prefeitura-de-itapetinga-anuncia-demissao-de-650-servidores-contratados-2\/","title":{"rendered":"PREFEITURA DE ITAPETINGA ANUNCIA DEMISS\u00c3O DE 650 SERVIDORES CONTRATADOS"},"content":{"rendered":"<p><img decoding=\"async\" class=\"alignleft\" alt=\"\" src=\"http:\/\/desacato.info\/wp-content\/uploads\/2013\/10\/demitidos.jpg\" \/><\/p>\n<p>O secret\u00e1rio de Administra\u00e7\u00e3o de Itapetinga Carlos Alberto (Boquinha) anunciou, nesta quinta-feira (09), a demiss\u00e3o dos contratados pela Prefeitura Municipal. Segundo ele, o motivo das demiss\u00f5es dos quase 650 contratados seria a realiza\u00e7\u00e3o de um prov\u00e1vel concurso p\u00fablico, que o munic\u00edpio pretende fazer at\u00e9 o m\u00eas de maio.<\/p>\n<p>A contrata\u00e7\u00e3o de uma legi\u00e3o de servidores, desde o primeiro ano da administra\u00e7\u00e3o do prefeito Z\u00e9 Carlos, obedeceu a crit\u00e9rios eleitorais, mas os cofres p\u00fablicos n\u00e3o suportaram o excesso de despesas, al\u00e9m dos problemas de ordem legal enfrentados pela administra\u00e7\u00e3o municipal, frente ao TCM.<\/p>\n<p>Em doses homeop\u00e1ticas e sem querer chamar \u00e1 aten\u00e7\u00e3o, Z\u00e9 Carlos vai descartando seus antigos apoiadores, para livrar a pr\u00f3pria cara, depois de 5 anos de burradas e excesso de irresponsabilidade.<\/p>\n<p><strong><em>Por Davi Ferraz<\/em><\/strong><\/p>\n","protected":false},"excerpt":{"rendered":"<p>O secret\u00e1rio de Administra\u00e7\u00e3o de Itapetinga Carlos Alberto (Boquinha) anunciou, nesta quinta-feira (09), a demiss\u00e3o dos contratados pela Prefeitura Municipal. Segundo ele, o motivo das demiss\u00f5es dos quase 650 contratados seria a realiza\u00e7\u00e3o de um prov\u00e1vel concurso p\u00fablico, que o munic\u00edpio pretende fazer at\u00e9 o m\u00eas de maio. A contrata\u00e7\u00e3o de uma legi\u00e3o de servidores, [&hellip;]<\/p>\n","protected":false},"author":2,"featured_media":0,"comment_status":"open","ping_status":"open","sticky":false,"template":"","format":"standard","meta":{"footnotes":"","_links_to":"","_links_to_target":""},"categories":[1],"tags":[],"class_list":["post-33723","post","type-post","status-publish","format-standard","hentry","category-geral"],"views":1857,"_links":{"self":[{"href":"https:\/\/www.sudoestehoje.com.br\/novoportal\/wp-json\/wp\/v2\/posts\/33723","targetHints":{"allow":["GET"]}}],"collection":[{"href":"https:\/\/www.sudoestehoje.com.br\/novoportal\/wp-json\/wp\/v2\/posts"}],"about":[{"href":"https:\/\/www.sudoestehoje.com.br\/novoportal\/wp-json\/wp\/v2\/types\/post"}],"author":[{"embeddable":true,"href":"https:\/\/www.sudoestehoje.com.br\/novoportal\/wp-json\/wp\/v2\/users\/2"}],"replies":[{"embeddable":true,"href":"https:\/\/www.sudoestehoje.com.br\/novoportal\/wp-json\/wp\/v2\/comments?post=33723"}],"version-history":[{"count":1,"href":"https:\/\/www.sudoestehoje.com.br\/novoportal\/wp-json\/wp\/v2\/posts\/33723\/revisions"}],"predecessor-version":[{"id":33724,"href":"https:\/\/www.sudoestehoje.com.br\/novoportal\/wp-json\/wp\/v2\/posts\/33723\/revisions\/33724"}],"wp:attachment":[{"href":"https:\/\/www.sudoestehoje.com.br\/novoportal\/wp-json\/wp\/v2\/media?parent=33723"}],"wp:term":[{"taxonomy":"category","embeddable":true,"href":"https:\/\/www.sudoestehoje.com.br\/novoportal\/wp-json\/wp\/v2\/categories?post=33723"},{"taxonomy":"post_tag","embeddable":true,"href":"https:\/\/www.sudoestehoje.com.br\/novoportal\/wp-json\/wp\/v2\/tags?post=33723"}],"curies":[{"name":"wp","href":"https:\/\/api.w.org\/{rel}","templated":true}]}}