
{"id":33698,"date":"2014-01-07T23:08:09","date_gmt":"2014-01-08T02:08:09","guid":{"rendered":"http:\/\/www.sudoestehoje.com.br\/novoportal\/?p=33698"},"modified":"2014-01-07T23:08:09","modified_gmt":"2014-01-08T02:08:09","slug":"filha-de-genoino-diz-que-familia-nao-tem-como-pagar-multa-dp-mensalao","status":"publish","type":"post","link":"https:\/\/www.sudoestehoje.com.br\/novoportal\/2014\/01\/07\/filha-de-genoino-diz-que-familia-nao-tem-como-pagar-multa-dp-mensalao\/","title":{"rendered":"FILHA DE GENOINO DIZ QUE FAM\u00cdLIA N\u00c3O TEM COMO PAGAR MULTA DP MENSAL\u00c3O"},"content":{"rendered":"<p style=\"text-align: center;\"><a href=\"http:\/\/www.sudoestehoje.com.br\/novoportal\/wp-content\/uploads\/2014\/01\/Jose_Genoino_Evaristo_Sa_AFP.jpg\"><img decoding=\"async\" class=\"aligncenter  wp-image-33699\" alt=\"BRAZIL-ELECTIONS-GENOINO\" src=\"http:\/\/www.sudoestehoje.com.br\/novoportal\/wp-content\/uploads\/2014\/01\/Jose_Genoino_Evaristo_Sa_AFP.jpg\" width=\"450\" \/><\/a><\/p>\n<p>A filha do ex-deputado Jos\u00e9 Genoino, Miruna Genoino, escreveu no Facebook que a fam\u00edlia n\u00e3o tem como efetuar o pagamento da multa estipulada pelo Supremo Tribunal Federal na condena\u00e7\u00e3o de Genoino no processo do mensal\u00e3o. Nesta segunda-feira (6) o juiz Bruno Ribeiro, da Vara de Execu\u00e7\u00f5es Penais do Distrito Federal, determinou que o deputado seja intimado a fazer o pagamento. Ap\u00f3s receber a intima\u00e7\u00e3o, ele ter\u00e1 10 dias para pagar a multa.<\/p>\n<p>&#8220;Tenho certeza de que todos aqui sabem perfeitamente que eu e minha fam\u00edlia n\u00e3o temos como pagar 468 mil reais&#8221;, afirmou Miruna, em uma mensagem publicada na p\u00e1gina do Facebook da assessora de Genoino. &#8220;O que v\u00e3o fazer conosco? V\u00e3o tomar a nossa casa?&#8221;, continuou a filha do ex-deputado.<\/p>\n<p>Miruna afirmou ainda no texto do Facebook que o carro de Genoino foi vendido ap\u00f3s a pris\u00e3o para resolver quest\u00f5es financeiras da fam\u00edlia. &#8220;O carro que meu pai tinha, um Logan de 2008, foi vendido para podermos ajustar nossas finan\u00e7as depois da pris\u00e3o&#8221;, disse. (G1)<\/p>\n","protected":false},"excerpt":{"rendered":"<p>A filha do ex-deputado Jos\u00e9 Genoino, Miruna Genoino, escreveu no Facebook que a fam\u00edlia n\u00e3o tem como efetuar o pagamento da multa estipulada pelo Supremo Tribunal Federal na condena\u00e7\u00e3o de Genoino no processo do mensal\u00e3o. Nesta segunda-feira (6) o juiz Bruno Ribeiro, da Vara de Execu\u00e7\u00f5es Penais do Distrito Federal, determinou que o deputado seja [&hellip;]<\/p>\n","protected":false},"author":2,"featured_media":0,"comment_status":"open","ping_status":"open","sticky":false,"template":"","format":"standard","meta":{"footnotes":"","_links_to":"","_links_to_target":""},"categories":[1],"tags":[],"class_list":["post-33698","post","type-post","status-publish","format-standard","hentry","category-geral"],"views":1248,"_links":{"self":[{"href":"https:\/\/www.sudoestehoje.com.br\/novoportal\/wp-json\/wp\/v2\/posts\/33698","targetHints":{"allow":["GET"]}}],"collection":[{"href":"https:\/\/www.sudoestehoje.com.br\/novoportal\/wp-json\/wp\/v2\/posts"}],"about":[{"href":"https:\/\/www.sudoestehoje.com.br\/novoportal\/wp-json\/wp\/v2\/types\/post"}],"author":[{"embeddable":true,"href":"https:\/\/www.sudoestehoje.com.br\/novoportal\/wp-json\/wp\/v2\/users\/2"}],"replies":[{"embeddable":true,"href":"https:\/\/www.sudoestehoje.com.br\/novoportal\/wp-json\/wp\/v2\/comments?post=33698"}],"version-history":[{"count":1,"href":"https:\/\/www.sudoestehoje.com.br\/novoportal\/wp-json\/wp\/v2\/posts\/33698\/revisions"}],"predecessor-version":[{"id":33700,"href":"https:\/\/www.sudoestehoje.com.br\/novoportal\/wp-json\/wp\/v2\/posts\/33698\/revisions\/33700"}],"wp:attachment":[{"href":"https:\/\/www.sudoestehoje.com.br\/novoportal\/wp-json\/wp\/v2\/media?parent=33698"}],"wp:term":[{"taxonomy":"category","embeddable":true,"href":"https:\/\/www.sudoestehoje.com.br\/novoportal\/wp-json\/wp\/v2\/categories?post=33698"},{"taxonomy":"post_tag","embeddable":true,"href":"https:\/\/www.sudoestehoje.com.br\/novoportal\/wp-json\/wp\/v2\/tags?post=33698"}],"curies":[{"name":"wp","href":"https:\/\/api.w.org\/{rel}","templated":true}]}}