
{"id":33694,"date":"2014-01-07T22:40:44","date_gmt":"2014-01-08T01:40:44","guid":{"rendered":"http:\/\/www.sudoestehoje.com.br\/novoportal\/?p=33694"},"modified":"2014-01-07T22:40:44","modified_gmt":"2014-01-08T01:40:44","slug":"sandro-regis-denuncia-crescimento-da-violencia-em-marau","status":"publish","type":"post","link":"https:\/\/www.sudoestehoje.com.br\/novoportal\/2014\/01\/07\/sandro-regis-denuncia-crescimento-da-violencia-em-marau\/","title":{"rendered":"SANDRO REGIS DENUNCIA CRESCIMENTO DA VIOL\u00caNCIA EM MARA\u00da"},"content":{"rendered":"<div><a href=\"http:\/\/www.sudoestehoje.com.br\/novoportal\/wp-content\/uploads\/2014\/01\/SANDRO.jpg\"><img decoding=\"async\" class=\"wp-image-33695 alignleft\" alt=\"SANDRO\" src=\"http:\/\/www.sudoestehoje.com.br\/novoportal\/wp-content\/uploads\/2014\/01\/SANDRO.jpg\" width=\"300\" \/><\/a><\/div>\n<div id=\"yui_3_13_0_ym1_1_1389144815440_5672\">A escalada da viol\u00eancia no interior da Bahia foi novamente criticada pelo 2\u00ba vice-presidente da Assembleia Legislativa, deputado Sandro R\u00e9gis (DEM). Durante a sess\u00e3o plen\u00e1ria desta ter\u00e7a-feira (7), \u00a0o parlamentar informou que recebeu em seu gabinete o ex-prefeito de Mara\u00fa, e teve conhecimento de que ocorreram quase oito assassinatos na cidade em um \u00fanico m\u00eas. Ainda de acordo com as informa\u00e7\u00f5es apresentada por R\u00e9gis, os corpos das v\u00edtimas tiveram que ser dirigidos para o munic\u00edpio de Ilh\u00e9us por falta de delegado em Mara\u00fa.<\/div>\n<div id=\"yui_3_13_0_ym1_1_1389144815440_5671\"><\/div>\n<div id=\"yui_3_13_0_ym1_1_1389144815440_5670\">&#8220;Essa situa\u00e7\u00e3o de viol\u00eancia vem ocorrendo em todo o Estado. Se fala muito nas propagandas em investimentos de milh\u00f5es e milh\u00f5es em seguran\u00e7a p\u00fablica. Mas, o que presenciamos tanto na capital quanto no interior, \u00e9 o crescente n\u00famero de homic\u00eddios e arrombamentos \u00e0 bancos. \u00c9 uma prova incontest\u00e1vel de que o planejamento da seguran\u00e7a vai muito mal, e que a Bahia perdeu a guerra para a criminalidade&#8221;, disparou o democrata.<\/div>\n<div id=\"yui_3_13_0_ym1_1_1389144815440_5669\"><\/div>\n<div id=\"yui_3_13_0_ym1_1_1389144815440_5027\">Sandro R\u00e9gis destacou a import\u00e2ncia de Mara\u00fa para o roteiro tur\u00edstico da Bahia, e lamentou a aus\u00eancia de estrutura de seguran\u00e7a adequada para os habitantes e visitantes do local. &#8220;Estamos falando de uma cidade que possui grandes hot\u00e9is, onde o turismo \u00e9 muito presente. Imagine no sert\u00e3o? N\u00e3o adianta o governo querer insistir com propaganda como se a Bahia fosse uma refer\u00eancia. O povo est\u00e1 morrendo&#8221;, repudiou o deputado.\u00a0Ascom<\/div>\n<p>&nbsp;<\/p>\n","protected":false},"excerpt":{"rendered":"<p>A escalada da viol\u00eancia no interior da Bahia foi novamente criticada pelo 2\u00ba vice-presidente da Assembleia Legislativa, deputado Sandro R\u00e9gis (DEM). Durante a sess\u00e3o plen\u00e1ria desta ter\u00e7a-feira (7), \u00a0o parlamentar informou que recebeu em seu gabinete o ex-prefeito de Mara\u00fa, e teve conhecimento de que ocorreram quase oito assassinatos na cidade em um \u00fanico m\u00eas. [&hellip;]<\/p>\n","protected":false},"author":2,"featured_media":0,"comment_status":"open","ping_status":"open","sticky":false,"template":"","format":"standard","meta":{"footnotes":"","_links_to":"","_links_to_target":""},"categories":[1],"tags":[],"class_list":["post-33694","post","type-post","status-publish","format-standard","hentry","category-geral"],"views":1036,"_links":{"self":[{"href":"https:\/\/www.sudoestehoje.com.br\/novoportal\/wp-json\/wp\/v2\/posts\/33694","targetHints":{"allow":["GET"]}}],"collection":[{"href":"https:\/\/www.sudoestehoje.com.br\/novoportal\/wp-json\/wp\/v2\/posts"}],"about":[{"href":"https:\/\/www.sudoestehoje.com.br\/novoportal\/wp-json\/wp\/v2\/types\/post"}],"author":[{"embeddable":true,"href":"https:\/\/www.sudoestehoje.com.br\/novoportal\/wp-json\/wp\/v2\/users\/2"}],"replies":[{"embeddable":true,"href":"https:\/\/www.sudoestehoje.com.br\/novoportal\/wp-json\/wp\/v2\/comments?post=33694"}],"version-history":[{"count":2,"href":"https:\/\/www.sudoestehoje.com.br\/novoportal\/wp-json\/wp\/v2\/posts\/33694\/revisions"}],"predecessor-version":[{"id":33697,"href":"https:\/\/www.sudoestehoje.com.br\/novoportal\/wp-json\/wp\/v2\/posts\/33694\/revisions\/33697"}],"wp:attachment":[{"href":"https:\/\/www.sudoestehoje.com.br\/novoportal\/wp-json\/wp\/v2\/media?parent=33694"}],"wp:term":[{"taxonomy":"category","embeddable":true,"href":"https:\/\/www.sudoestehoje.com.br\/novoportal\/wp-json\/wp\/v2\/categories?post=33694"},{"taxonomy":"post_tag","embeddable":true,"href":"https:\/\/www.sudoestehoje.com.br\/novoportal\/wp-json\/wp\/v2\/tags?post=33694"}],"curies":[{"name":"wp","href":"https:\/\/api.w.org\/{rel}","templated":true}]}}