
{"id":33690,"date":"2014-01-07T17:06:42","date_gmt":"2014-01-07T20:06:42","guid":{"rendered":"http:\/\/www.sudoestehoje.com.br\/novoportal\/?p=33690"},"modified":"2014-01-07T17:06:42","modified_gmt":"2014-01-07T20:06:42","slug":"rui-costa-e-desconhecido-ate-por-militantes-do-proprio-pt","status":"publish","type":"post","link":"https:\/\/www.sudoestehoje.com.br\/novoportal\/2014\/01\/07\/rui-costa-e-desconhecido-ate-por-militantes-do-proprio-pt\/","title":{"rendered":"RUI COSTA \u00c9 DESCONHECIDO AT\u00c9 POR MILITANTES DO PR\u00d3PRIO PT"},"content":{"rendered":"<p><a href=\"http:\/\/www.sudoestehoje.com.br\/novoportal\/wp-content\/uploads\/2014\/01\/rui-costa2.jpg\"><img loading=\"lazy\" decoding=\"async\" class=\"aligncenter size-full wp-image-33691\" alt=\"rui costa(2)\" src=\"http:\/\/www.sudoestehoje.com.br\/novoportal\/wp-content\/uploads\/2014\/01\/rui-costa2.jpg\" width=\"500\" height=\"353\" \/><\/a><\/p>\n<p>Uma pesquisa encomendada pelo PT sobre o seu candidato ao governo, Rui Costa,\u00a0constatou que ele \u00e9 t\u00e3o desconhecido do eleitorado baiano que at\u00e9 o militante petista n\u00e3o sabe quem \u00e9 ele. O que poderia ter enchido de des\u00e2nimo o partido, no entanto, o animou. Os petistas acreditam que a vantagem \u00e9 que, como \u00e9 pouco conhecido, Rui Costa tamb\u00e9m tem baixa rejei\u00e7\u00e3o. E que o trabalho em torno do seu nome ser\u00e1 basicamente o de torn\u00e1-lo conhecido do eleitorado baiano.<\/p>\n<p>Argumentam, inclusive, que em 2006, quando saiu candidato, o hoje governador Jaques Wagner s\u00f3 era conhecido de 6% da popula\u00e7\u00e3o do Estado. Ainda assim, conseguiria se eleger de forma acachapante contra o carlismo, que comandava a Bahia h\u00e1 d\u00e9cadas. Para resolver o problema do desconhecimento de Rui, os petistas j\u00e1 tra\u00e7aram um plano: realizar 10 encontros regionais com todos os partidos aliados pelo interior do Estado a fim de discutir os problemas da Bahia e apresentar solu\u00e7\u00f5es. \u201cEm seis meses, o problema do desconhecimento de Rui desaparece\u201d, afirma um aliado do candidato.<\/p>\n<p>Dois outros temas t\u00eam predominado na pr\u00e9-campanha de Rui neste momento. Um \u00e9 a defini\u00e7\u00e3o do seu coordenador e outro \u00e9 a do seu marqueteiro. A coluna Raio Laser, na edi\u00e7\u00e3o de hoje da Tribuna da Bahia, anuncia que, independentemente de quem seja escolhido para fazer a comunica\u00e7\u00e3o da campanha de Rui, ele ter\u00e1 o assessoramento do baiano Jo\u00e3o Santana, marqueteiro da presidente Dilma Rousseff. Um nome que circula com for\u00e7a no PT para assumir o marketing do candidato \u00e9 o do publicit\u00e1rio Alfredo Tavares, da Tempo Propaganda, uma das ag\u00eancias que atendem ao governo estadual.<\/p>\n","protected":false},"excerpt":{"rendered":"<p>Uma pesquisa encomendada pelo PT sobre o seu candidato ao governo, Rui Costa,\u00a0constatou que ele \u00e9 t\u00e3o desconhecido do eleitorado baiano que at\u00e9 o militante petista n\u00e3o sabe quem \u00e9 ele. O que poderia ter enchido de des\u00e2nimo o partido, no entanto, o animou. Os petistas acreditam que a vantagem \u00e9 que, como \u00e9 pouco [&hellip;]<\/p>\n","protected":false},"author":2,"featured_media":0,"comment_status":"open","ping_status":"open","sticky":false,"template":"","format":"standard","meta":{"footnotes":"","_links_to":"","_links_to_target":""},"categories":[1],"tags":[],"class_list":["post-33690","post","type-post","status-publish","format-standard","hentry","category-geral"],"views":1387,"_links":{"self":[{"href":"https:\/\/www.sudoestehoje.com.br\/novoportal\/wp-json\/wp\/v2\/posts\/33690","targetHints":{"allow":["GET"]}}],"collection":[{"href":"https:\/\/www.sudoestehoje.com.br\/novoportal\/wp-json\/wp\/v2\/posts"}],"about":[{"href":"https:\/\/www.sudoestehoje.com.br\/novoportal\/wp-json\/wp\/v2\/types\/post"}],"author":[{"embeddable":true,"href":"https:\/\/www.sudoestehoje.com.br\/novoportal\/wp-json\/wp\/v2\/users\/2"}],"replies":[{"embeddable":true,"href":"https:\/\/www.sudoestehoje.com.br\/novoportal\/wp-json\/wp\/v2\/comments?post=33690"}],"version-history":[{"count":2,"href":"https:\/\/www.sudoestehoje.com.br\/novoportal\/wp-json\/wp\/v2\/posts\/33690\/revisions"}],"predecessor-version":[{"id":33693,"href":"https:\/\/www.sudoestehoje.com.br\/novoportal\/wp-json\/wp\/v2\/posts\/33690\/revisions\/33693"}],"wp:attachment":[{"href":"https:\/\/www.sudoestehoje.com.br\/novoportal\/wp-json\/wp\/v2\/media?parent=33690"}],"wp:term":[{"taxonomy":"category","embeddable":true,"href":"https:\/\/www.sudoestehoje.com.br\/novoportal\/wp-json\/wp\/v2\/categories?post=33690"},{"taxonomy":"post_tag","embeddable":true,"href":"https:\/\/www.sudoestehoje.com.br\/novoportal\/wp-json\/wp\/v2\/tags?post=33690"}],"curies":[{"name":"wp","href":"https:\/\/api.w.org\/{rel}","templated":true}]}}