
{"id":3366,"date":"2011-02-06T12:05:35","date_gmt":"2011-02-06T15:05:35","guid":{"rendered":"http:\/\/www.sudoestehoje.com.br\/novoportal\/?p=3366"},"modified":"2011-02-06T12:05:35","modified_gmt":"2011-02-06T15:05:35","slug":"conquista-decreta-emergencia-devido-a-seca","status":"publish","type":"post","link":"https:\/\/www.sudoestehoje.com.br\/novoportal\/2011\/02\/06\/conquista-decreta-emergencia-devido-a-seca\/","title":{"rendered":"CONQUISTA DECRETA EMERG\u00caNCIA DEVIDO \u00c0 SECA"},"content":{"rendered":"<p style=\"text-align: center;\"><img loading=\"lazy\" decoding=\"async\" class=\"aligncenter\" src=\"http:\/\/bp0.blogger.com\/_glyLfBk9Cic\/SIyk4wjLhPI\/AAAAAAAACCo\/Oz-7kFpakjE\/s400\/caminh%C3%A3o+pipa+e+distr+agua.jpg\" alt=\"\" width=\"350\" height=\"235\" \/><\/p>\n<p style=\"text-align: center;\"><em>Distribui\u00e7\u00e3o de \u00e1gua, atrav\u00e9s de carro pipa, na zona rural<\/em><\/p>\n<p>\u00a0<\/p>\n<p>VIT\u00d3RIA DA CONQUISTA: Enquanto em Minas Gerais 117 munic\u00edpios decretam emerg\u00eancia em decorr\u00eancia das fortes chuvas que atingem o Estado, um pouco acima, o munic\u00edpio de Vit\u00f3ria da Conquista vive situa\u00e7\u00e3o opostamente tr\u00e1gica. Na cidade, que fica pr\u00f3ximo \u00e0 divisa com Minas, no sudoeste do estado, o prefeito Guilherme Menezes (PT), teve de declarar emerg\u00eancia devido ao grande per\u00edodo de estiagem. O decreto, v\u00e1lido por 90 dias, aciona a ajuda do Sistema Nacional de Defesa Civil. Atrav\u00e9s do decreto, o Ex\u00e9rcito ajudar\u00e1 a abastecer os distritos Bate-p\u00e9, Igu\u00e1, Jos\u00e9 Gon\u00e7alves, Pradoso, Cercadinho e Inhobim com carros-pipa. Informa\u00e7\u00f5es do Blog do Anderson<\/p>\n","protected":false},"excerpt":{"rendered":"<p>Distribui\u00e7\u00e3o de \u00e1gua, atrav\u00e9s de carro pipa, na zona rural \u00a0 VIT\u00d3RIA DA CONQUISTA: Enquanto em Minas Gerais 117 munic\u00edpios decretam emerg\u00eancia em decorr\u00eancia das fortes chuvas que atingem o Estado, um pouco acima, o munic\u00edpio de Vit\u00f3ria da Conquista vive situa\u00e7\u00e3o opostamente tr\u00e1gica. Na cidade, que fica pr\u00f3ximo \u00e0 divisa com Minas, no sudoeste [&hellip;]<\/p>\n","protected":false},"author":2,"featured_media":0,"comment_status":"open","ping_status":"open","sticky":false,"template":"","format":"standard","meta":{"footnotes":"","_links_to":"","_links_to_target":""},"categories":[1],"tags":[],"class_list":["post-3366","post","type-post","status-publish","format-standard","hentry","category-geral"],"views":1026,"_links":{"self":[{"href":"https:\/\/www.sudoestehoje.com.br\/novoportal\/wp-json\/wp\/v2\/posts\/3366","targetHints":{"allow":["GET"]}}],"collection":[{"href":"https:\/\/www.sudoestehoje.com.br\/novoportal\/wp-json\/wp\/v2\/posts"}],"about":[{"href":"https:\/\/www.sudoestehoje.com.br\/novoportal\/wp-json\/wp\/v2\/types\/post"}],"author":[{"embeddable":true,"href":"https:\/\/www.sudoestehoje.com.br\/novoportal\/wp-json\/wp\/v2\/users\/2"}],"replies":[{"embeddable":true,"href":"https:\/\/www.sudoestehoje.com.br\/novoportal\/wp-json\/wp\/v2\/comments?post=3366"}],"version-history":[{"count":2,"href":"https:\/\/www.sudoestehoje.com.br\/novoportal\/wp-json\/wp\/v2\/posts\/3366\/revisions"}],"predecessor-version":[{"id":3368,"href":"https:\/\/www.sudoestehoje.com.br\/novoportal\/wp-json\/wp\/v2\/posts\/3366\/revisions\/3368"}],"wp:attachment":[{"href":"https:\/\/www.sudoestehoje.com.br\/novoportal\/wp-json\/wp\/v2\/media?parent=3366"}],"wp:term":[{"taxonomy":"category","embeddable":true,"href":"https:\/\/www.sudoestehoje.com.br\/novoportal\/wp-json\/wp\/v2\/categories?post=3366"},{"taxonomy":"post_tag","embeddable":true,"href":"https:\/\/www.sudoestehoje.com.br\/novoportal\/wp-json\/wp\/v2\/tags?post=3366"}],"curies":[{"name":"wp","href":"https:\/\/api.w.org\/{rel}","templated":true}]}}