
{"id":33655,"date":"2014-01-05T13:03:52","date_gmt":"2014-01-05T16:03:52","guid":{"rendered":"http:\/\/www.sudoestehoje.com.br\/novoportal\/?p=33655"},"modified":"2014-01-05T13:03:52","modified_gmt":"2014-01-05T16:03:52","slug":"morre-o-cantor-nelson-ned","status":"publish","type":"post","link":"https:\/\/www.sudoestehoje.com.br\/novoportal\/2014\/01\/05\/morre-o-cantor-nelson-ned\/","title":{"rendered":"MORRE O CANTOR NELSON NED"},"content":{"rendered":"<div id=\"cke_pastebin\">\n<p><a href=\"http:\/\/www.sudoestehoje.com.br\/novoportal\/wp-content\/uploads\/2014\/01\/nelsonned.jpg\"><img loading=\"lazy\" decoding=\"async\" class=\"size-full wp-image-33656 alignleft\" alt=\"nelsonned\" src=\"http:\/\/www.sudoestehoje.com.br\/novoportal\/wp-content\/uploads\/2014\/01\/nelsonned.jpg\" width=\"300\" height=\"300\" srcset=\"https:\/\/www.sudoestehoje.com.br\/novoportal\/wp-content\/uploads\/2014\/01\/nelsonned.jpg 300w, https:\/\/www.sudoestehoje.com.br\/novoportal\/wp-content\/uploads\/2014\/01\/nelsonned-150x150.jpg 150w\" sizes=\"auto, (max-width: 300px) 100vw, 300px\" \/><\/a><\/p>\n<p>O cantor Nelson Ned morreu na manh\u00e3 deste domingo (5), aos 66 anos, devido a complica\u00e7\u00f5es de um quadro de\u00a0<a href=\"http:\/\/www.bahianoticias.com.br\/cultura\/noticia\/16572-aos-66-anos-cantor-nelson-ned-e-internado-com-infeccao-respiratoria-aguda.html\" target=\"_blank\"><b>pneumonia que o levou a ser internado no Hospital Regional de Cotia no s\u00e1bado<\/b><\/a>.\u00a0Ned, que apresentava quadro de infec\u00e7\u00e3o respirat\u00f3ria aguda, pneumonia e problemas na bexiga, estava registrado na casa de respouso Recanto S\u00e3o Camilo desde o \u00faltimo dia 24. Foi na casa de repouso que a ambul\u00e2ncia o socorreu, rumo ao hospital.<\/p>\n<p>A informa\u00e7\u00e3o de sua morte foi confirmada \u00e0 Folha pela assessoria do hospital. Em 2003, o artista\u00a0sofreu um acidente vascular cerebral (AVC). Como consequ\u00eancia do AVC, perdeu a vis\u00e3o de um olho e precisou se locomover com a ajuda de uma cadeira de rodas, al\u00e9m de enfrentar diabetes, hipertens\u00e3o arterial e foi diagnosticado tamb\u00e9m com Mal de Alzheimer em fase inicial. Nelson Ned iniciou sua carreira na d\u00e9cada de 60 e estou rou com o sucesso &#8220;Tudo Passarr\u00e1&#8221;, de 1969.<\/p>\n<p>Em 1996, Ned lan\u00e7ou a biografia &#8220;O Pequeno Gigante da Can\u00e7\u00e3o&#8221;, refer\u00eancia \u00e0 sua condi\u00e7\u00e3o de an\u00e3o. Ele mede 1,12 m de altura. Na d\u00e9cada de 1990, Ned se converteu \u00e0 religi\u00e3o evang\u00e9lica e, de l\u00e1 para c\u00e1, havia investido numa carreira como cantor gospel, interpretando temas religiosos tanto em portugu\u00eas quanto espanhol.<\/p>\n<p>CONFIRA UM DOS MAIORES SUCESSOS DE NELSON NED<\/p>\n<p>http:\/\/www.youtube.com\/watch?v=wBaW4PccHuo<\/p>\n<\/div>\n<p>&nbsp;<\/p>\n","protected":false},"excerpt":{"rendered":"<p>O cantor Nelson Ned morreu na manh\u00e3 deste domingo (5), aos 66 anos, devido a complica\u00e7\u00f5es de um quadro de\u00a0pneumonia que o levou a ser internado no Hospital Regional de Cotia no s\u00e1bado.\u00a0Ned, que apresentava quadro de infec\u00e7\u00e3o respirat\u00f3ria aguda, pneumonia e problemas na bexiga, estava registrado na casa de respouso Recanto S\u00e3o Camilo desde [&hellip;]<\/p>\n","protected":false},"author":2,"featured_media":0,"comment_status":"open","ping_status":"open","sticky":false,"template":"","format":"standard","meta":{"footnotes":"","_links_to":"","_links_to_target":""},"categories":[1],"tags":[],"class_list":["post-33655","post","type-post","status-publish","format-standard","hentry","category-geral"],"views":2293,"_links":{"self":[{"href":"https:\/\/www.sudoestehoje.com.br\/novoportal\/wp-json\/wp\/v2\/posts\/33655","targetHints":{"allow":["GET"]}}],"collection":[{"href":"https:\/\/www.sudoestehoje.com.br\/novoportal\/wp-json\/wp\/v2\/posts"}],"about":[{"href":"https:\/\/www.sudoestehoje.com.br\/novoportal\/wp-json\/wp\/v2\/types\/post"}],"author":[{"embeddable":true,"href":"https:\/\/www.sudoestehoje.com.br\/novoportal\/wp-json\/wp\/v2\/users\/2"}],"replies":[{"embeddable":true,"href":"https:\/\/www.sudoestehoje.com.br\/novoportal\/wp-json\/wp\/v2\/comments?post=33655"}],"version-history":[{"count":2,"href":"https:\/\/www.sudoestehoje.com.br\/novoportal\/wp-json\/wp\/v2\/posts\/33655\/revisions"}],"predecessor-version":[{"id":33658,"href":"https:\/\/www.sudoestehoje.com.br\/novoportal\/wp-json\/wp\/v2\/posts\/33655\/revisions\/33658"}],"wp:attachment":[{"href":"https:\/\/www.sudoestehoje.com.br\/novoportal\/wp-json\/wp\/v2\/media?parent=33655"}],"wp:term":[{"taxonomy":"category","embeddable":true,"href":"https:\/\/www.sudoestehoje.com.br\/novoportal\/wp-json\/wp\/v2\/categories?post=33655"},{"taxonomy":"post_tag","embeddable":true,"href":"https:\/\/www.sudoestehoje.com.br\/novoportal\/wp-json\/wp\/v2\/tags?post=33655"}],"curies":[{"name":"wp","href":"https:\/\/api.w.org\/{rel}","templated":true}]}}