
{"id":33647,"date":"2014-01-04T12:12:34","date_gmt":"2014-01-04T15:12:34","guid":{"rendered":"http:\/\/www.sudoestehoje.com.br\/novoportal\/?p=33647"},"modified":"2014-01-04T12:12:34","modified_gmt":"2014-01-04T15:12:34","slug":"tv-sudoeste-comeca-a-transmitir-sinal-digital-a-partir-de-marco","status":"publish","type":"post","link":"https:\/\/www.sudoestehoje.com.br\/novoportal\/2014\/01\/04\/tv-sudoeste-comeca-a-transmitir-sinal-digital-a-partir-de-marco\/","title":{"rendered":"TV SUDOESTE COME\u00c7A A TRANSMITIR SINAL DIGITAL A PARTIR DE MAR\u00c7O"},"content":{"rendered":"<p style=\"text-align: center;\"><a href=\"http:\/\/www.sudoestehoje.com.br\/novoportal\/wp-content\/uploads\/2014\/01\/rede_bahia_tv_sudoeste-87.png\"><img decoding=\"async\" class=\"wp-image-33648 alignleft\" alt=\"rede_bahia_tv_sudoeste-87\" src=\"http:\/\/www.sudoestehoje.com.br\/novoportal\/wp-content\/uploads\/2014\/01\/rede_bahia_tv_sudoeste-87.png\" width=\"280\" \/><\/a><\/p>\n<p>No pr\u00f3ximo m\u00eas de mar\u00e7o de 2014 a TV Sudoeste,\u00a0afiliada da Rede Globo na regi\u00e3o de Vit\u00f3ria da Conquista, estar\u00e1 implantando o sinal digital da emissora.<\/p>\n<p>\u201cTivemos altera\u00e7\u00e3o na data, era para ser em dezembro, mas por motivos t\u00e9cnicos, que envolve a importa\u00e7\u00e3o de equipamentos, alteramos para mar\u00e7o\u201d, explica o diretor executivo da emissora, Cauto Freitas.<\/p>\n<p>Al\u00e9m de Conquista, as cidades de Jequi\u00e9, Itapetinga, Jaguaquara, Guanambi, Brumado e Caetit\u00e9 poder\u00e3o usufruir do sinal. Blog do Rodrigo Ferraz<\/p>\n","protected":false},"excerpt":{"rendered":"<p>No pr\u00f3ximo m\u00eas de mar\u00e7o de 2014 a TV Sudoeste,\u00a0afiliada da Rede Globo na regi\u00e3o de Vit\u00f3ria da Conquista, estar\u00e1 implantando o sinal digital da emissora. \u201cTivemos altera\u00e7\u00e3o na data, era para ser em dezembro, mas por motivos t\u00e9cnicos, que envolve a importa\u00e7\u00e3o de equipamentos, alteramos para mar\u00e7o\u201d, explica o diretor executivo da emissora, Cauto [&hellip;]<\/p>\n","protected":false},"author":2,"featured_media":0,"comment_status":"open","ping_status":"open","sticky":false,"template":"","format":"standard","meta":{"footnotes":"","_links_to":"","_links_to_target":""},"categories":[1],"tags":[],"class_list":["post-33647","post","type-post","status-publish","format-standard","hentry","category-geral"],"views":4293,"_links":{"self":[{"href":"https:\/\/www.sudoestehoje.com.br\/novoportal\/wp-json\/wp\/v2\/posts\/33647","targetHints":{"allow":["GET"]}}],"collection":[{"href":"https:\/\/www.sudoestehoje.com.br\/novoportal\/wp-json\/wp\/v2\/posts"}],"about":[{"href":"https:\/\/www.sudoestehoje.com.br\/novoportal\/wp-json\/wp\/v2\/types\/post"}],"author":[{"embeddable":true,"href":"https:\/\/www.sudoestehoje.com.br\/novoportal\/wp-json\/wp\/v2\/users\/2"}],"replies":[{"embeddable":true,"href":"https:\/\/www.sudoestehoje.com.br\/novoportal\/wp-json\/wp\/v2\/comments?post=33647"}],"version-history":[{"count":1,"href":"https:\/\/www.sudoestehoje.com.br\/novoportal\/wp-json\/wp\/v2\/posts\/33647\/revisions"}],"predecessor-version":[{"id":33649,"href":"https:\/\/www.sudoestehoje.com.br\/novoportal\/wp-json\/wp\/v2\/posts\/33647\/revisions\/33649"}],"wp:attachment":[{"href":"https:\/\/www.sudoestehoje.com.br\/novoportal\/wp-json\/wp\/v2\/media?parent=33647"}],"wp:term":[{"taxonomy":"category","embeddable":true,"href":"https:\/\/www.sudoestehoje.com.br\/novoportal\/wp-json\/wp\/v2\/categories?post=33647"},{"taxonomy":"post_tag","embeddable":true,"href":"https:\/\/www.sudoestehoje.com.br\/novoportal\/wp-json\/wp\/v2\/tags?post=33647"}],"curies":[{"name":"wp","href":"https:\/\/api.w.org\/{rel}","templated":true}]}}