
{"id":336,"date":"2010-08-13T18:49:26","date_gmt":"2010-08-13T21:49:26","guid":{"rendered":"http:\/\/sudoestehoje.tempsite.ws\/novoportal\/?p=336"},"modified":"2010-09-18T14:49:54","modified_gmt":"2010-09-18T17:49:54","slug":"juliano-matos-faz-palestra-sobre-meio-ambiente","status":"publish","type":"post","link":"https:\/\/www.sudoestehoje.com.br\/novoportal\/2010\/08\/13\/juliano-matos-faz-palestra-sobre-meio-ambiente\/","title":{"rendered":"JULIANO MATOS FAZ PALESTRA SOBRE MEIO-AMBIENTE"},"content":{"rendered":"<div>\n<div style=\"text-align: center;\"><img decoding=\"async\" src=\"http:\/\/www.politicalivre.com.br\/wp-content\/uploads\/2009\/12\/Juliano-Matos-Divulga%C3%A7%C3%A3o.jpg\" border=\"0\" alt=\"\" \/><\/div>\n<div>JULIANO MATOS \u00c9 CANDIDATO A DEPUTADO FEDERAL PELO PV<\/div>\n<p>O  ex-secret\u00e1rio de Meio-Ambiente Juliano Matos participar\u00e1 do 1\u00b0 Encontro  Municipal do Meio-Ambiente de Concei\u00e7\u00e3o do Coit\u00e9, que acontecer\u00e1 nesta  sexta-feira, ministrando uma palestra para a juventude ambientalista da  cidade. O evento acontecer\u00e1 no Audit\u00f3rio Ana Luiza Dantas, \u00e0s 19h.\u00a0O  tema da exposi\u00e7\u00e3o de Matos \u00e9 \u201cMeio-ambiente na Bahia: Desafios e  tend\u00eancias\u201d, em que falar\u00e1 de sua experi\u00eancia \u00e0 frente da Secretaria e  tamb\u00e9m do per\u00edodo em que trabalhou na Prefeitura de Salvador, no \u00f3rg\u00e3o  municipal equivalente. O evento \u00e9 aberto ao p\u00fablico e, para ter acesso  aos debates, \u00e9 preciso doar um quilo de alimento n\u00e3o-perec\u00edvel.<\/p>\n<\/div>\n","protected":false},"excerpt":{"rendered":"<p>JULIANO MATOS \u00c9 CANDIDATO A DEPUTADO FEDERAL PELO PV O ex-secret\u00e1rio de Meio-Ambiente Juliano Matos participar\u00e1 do 1\u00b0 Encontro Municipal do Meio-Ambiente de Concei\u00e7\u00e3o do Coit\u00e9, que acontecer\u00e1 nesta sexta-feira, ministrando uma palestra para a juventude ambientalista da cidade. O evento acontecer\u00e1 no Audit\u00f3rio Ana Luiza Dantas, \u00e0s 19h.\u00a0O tema da exposi\u00e7\u00e3o de Matos \u00e9 [&hellip;]<\/p>\n","protected":false},"author":1,"featured_media":0,"comment_status":"open","ping_status":"open","sticky":false,"template":"","format":"standard","meta":{"footnotes":"","_links_to":"","_links_to_target":""},"categories":[1],"tags":[],"class_list":["post-336","post","type-post","status-publish","format-standard","hentry","category-geral"],"views":1437,"_links":{"self":[{"href":"https:\/\/www.sudoestehoje.com.br\/novoportal\/wp-json\/wp\/v2\/posts\/336","targetHints":{"allow":["GET"]}}],"collection":[{"href":"https:\/\/www.sudoestehoje.com.br\/novoportal\/wp-json\/wp\/v2\/posts"}],"about":[{"href":"https:\/\/www.sudoestehoje.com.br\/novoportal\/wp-json\/wp\/v2\/types\/post"}],"author":[{"embeddable":true,"href":"https:\/\/www.sudoestehoje.com.br\/novoportal\/wp-json\/wp\/v2\/users\/1"}],"replies":[{"embeddable":true,"href":"https:\/\/www.sudoestehoje.com.br\/novoportal\/wp-json\/wp\/v2\/comments?post=336"}],"version-history":[{"count":1,"href":"https:\/\/www.sudoestehoje.com.br\/novoportal\/wp-json\/wp\/v2\/posts\/336\/revisions"}],"predecessor-version":[{"id":337,"href":"https:\/\/www.sudoestehoje.com.br\/novoportal\/wp-json\/wp\/v2\/posts\/336\/revisions\/337"}],"wp:attachment":[{"href":"https:\/\/www.sudoestehoje.com.br\/novoportal\/wp-json\/wp\/v2\/media?parent=336"}],"wp:term":[{"taxonomy":"category","embeddable":true,"href":"https:\/\/www.sudoestehoje.com.br\/novoportal\/wp-json\/wp\/v2\/categories?post=336"},{"taxonomy":"post_tag","embeddable":true,"href":"https:\/\/www.sudoestehoje.com.br\/novoportal\/wp-json\/wp\/v2\/tags?post=336"}],"curies":[{"name":"wp","href":"https:\/\/api.w.org\/{rel}","templated":true}]}}