
{"id":33540,"date":"2013-12-30T23:05:05","date_gmt":"2013-12-31T02:05:05","guid":{"rendered":"http:\/\/www.sudoestehoje.com.br\/novoportal\/?p=33540"},"modified":"2013-12-30T23:34:59","modified_gmt":"2013-12-31T02:34:59","slug":"itapetinga-dia-2-de-fevereiro-tem-chiclete-com-banana-na-lagoa","status":"publish","type":"post","link":"https:\/\/www.sudoestehoje.com.br\/novoportal\/2013\/12\/30\/itapetinga-dia-2-de-fevereiro-tem-chiclete-com-banana-na-lagoa\/","title":{"rendered":"ITAPETINGA: DIA 2 DE FEVEREIRO TEM CHICLETE COM BANANA NA LAGOA"},"content":{"rendered":"<p><a href=\"http:\/\/www.sudoestehoje.com.br\/novoportal\/wp-content\/uploads\/2013\/12\/bel.jpg\"><img loading=\"lazy\" decoding=\"async\" class=\"aligncenter size-medium wp-image-33541\" alt=\"bel\" src=\"http:\/\/www.sudoestehoje.com.br\/novoportal\/wp-content\/uploads\/2013\/12\/bel-500x375.jpg\" width=\"500\" height=\"375\" srcset=\"https:\/\/www.sudoestehoje.com.br\/novoportal\/wp-content\/uploads\/2013\/12\/bel-500x375.jpg 500w, https:\/\/www.sudoestehoje.com.br\/novoportal\/wp-content\/uploads\/2013\/12\/bel-700x525.jpg 700w, https:\/\/www.sudoestehoje.com.br\/novoportal\/wp-content\/uploads\/2013\/12\/bel.jpg 960w\" sizes=\"auto, (max-width: 500px) 100vw, 500px\" \/><\/a><\/p>\n<p>A Contato Produ\u00e7\u00e3o de Eventos, realizadora de uma das festas que mais crescem no interior da Bahia, o Brega Light, traz para Itapetinga um evento que promete marcar a data de 02 de fevereiro de 2014 com uma das mais significativas e importantes para o calend\u00e1rio musical do Sul e Sudeste do estado.<\/p>\n<p>O Lagoa Indoor leva a \u00faltima apresenta\u00e7\u00e3o do Chiclete com Banana, com Bell Marques em sua forma\u00e7\u00e3o no interior da Bahia. Um show que sem sombra de d\u00favidas ser\u00e1 marcado por grandes momentos e emo\u00e7\u00f5es.<\/p>\n<p>\u201cVamos montar uma estrutura diferenciada e planejada especialmente para esse evento. Criando todo conforto, seguran\u00e7a e privacidade para que os chicleteiros curtam ao m\u00e1ximo a festa\u201d , afirmou o empres\u00e1rio Marcos Galv\u00e3o. Informa\u00e7\u00f5es do Pol\u00edticos do Sul<\/p>\n","protected":false},"excerpt":{"rendered":"<p>A Contato Produ\u00e7\u00e3o de Eventos, realizadora de uma das festas que mais crescem no interior da Bahia, o Brega Light, traz para Itapetinga um evento que promete marcar a data de 02 de fevereiro de 2014 com uma das mais significativas e importantes para o calend\u00e1rio musical do Sul e Sudeste do estado. O Lagoa [&hellip;]<\/p>\n","protected":false},"author":2,"featured_media":0,"comment_status":"open","ping_status":"open","sticky":false,"template":"","format":"standard","meta":{"footnotes":"","_links_to":"","_links_to_target":""},"categories":[1],"tags":[],"class_list":["post-33540","post","type-post","status-publish","format-standard","hentry","category-geral"],"views":1524,"_links":{"self":[{"href":"https:\/\/www.sudoestehoje.com.br\/novoportal\/wp-json\/wp\/v2\/posts\/33540","targetHints":{"allow":["GET"]}}],"collection":[{"href":"https:\/\/www.sudoestehoje.com.br\/novoportal\/wp-json\/wp\/v2\/posts"}],"about":[{"href":"https:\/\/www.sudoestehoje.com.br\/novoportal\/wp-json\/wp\/v2\/types\/post"}],"author":[{"embeddable":true,"href":"https:\/\/www.sudoestehoje.com.br\/novoportal\/wp-json\/wp\/v2\/users\/2"}],"replies":[{"embeddable":true,"href":"https:\/\/www.sudoestehoje.com.br\/novoportal\/wp-json\/wp\/v2\/comments?post=33540"}],"version-history":[{"count":1,"href":"https:\/\/www.sudoestehoje.com.br\/novoportal\/wp-json\/wp\/v2\/posts\/33540\/revisions"}],"predecessor-version":[{"id":33542,"href":"https:\/\/www.sudoestehoje.com.br\/novoportal\/wp-json\/wp\/v2\/posts\/33540\/revisions\/33542"}],"wp:attachment":[{"href":"https:\/\/www.sudoestehoje.com.br\/novoportal\/wp-json\/wp\/v2\/media?parent=33540"}],"wp:term":[{"taxonomy":"category","embeddable":true,"href":"https:\/\/www.sudoestehoje.com.br\/novoportal\/wp-json\/wp\/v2\/categories?post=33540"},{"taxonomy":"post_tag","embeddable":true,"href":"https:\/\/www.sudoestehoje.com.br\/novoportal\/wp-json\/wp\/v2\/tags?post=33540"}],"curies":[{"name":"wp","href":"https:\/\/api.w.org\/{rel}","templated":true}]}}