
{"id":33532,"date":"2013-12-30T21:19:09","date_gmt":"2013-12-31T00:19:09","guid":{"rendered":"http:\/\/www.sudoestehoje.com.br\/novoportal\/?p=33532"},"modified":"2013-12-30T21:20:25","modified_gmt":"2013-12-31T00:20:25","slug":"bancos-fecham-amanha-e-so-voltam-a-reabrir-na-quinta","status":"publish","type":"post","link":"https:\/\/www.sudoestehoje.com.br\/novoportal\/2013\/12\/30\/bancos-fecham-amanha-e-so-voltam-a-reabrir-na-quinta\/","title":{"rendered":"BANCOS FECHAM AMANH\u00c3 E S\u00d3 VOLTAM A REABRIR NA QUINTA"},"content":{"rendered":"<p><a href=\"http:\/\/www.sudoestehoje.com.br\/novoportal\/wp-content\/uploads\/2013\/12\/BRADESCO-ITAPETINGA.jpg\"><img loading=\"lazy\" decoding=\"async\" class=\"aligncenter size-medium wp-image-33534\" alt=\"BRADESCO ITAPETINGA\" src=\"http:\/\/www.sudoestehoje.com.br\/novoportal\/wp-content\/uploads\/2013\/12\/BRADESCO-ITAPETINGA-500x375.jpg\" width=\"500\" height=\"375\" srcset=\"https:\/\/www.sudoestehoje.com.br\/novoportal\/wp-content\/uploads\/2013\/12\/BRADESCO-ITAPETINGA-500x375.jpg 500w, https:\/\/www.sudoestehoje.com.br\/novoportal\/wp-content\/uploads\/2013\/12\/BRADESCO-ITAPETINGA-700x525.jpg 700w, https:\/\/www.sudoestehoje.com.br\/novoportal\/wp-content\/uploads\/2013\/12\/BRADESCO-ITAPETINGA.jpg 1600w\" sizes=\"auto, (max-width: 500px) 100vw, 500px\" \/><\/a><\/p>\n<p>As ag\u00eancias banc\u00e1rias v\u00e3o fechar amanh\u00e3 (31), assim como no dia 1\u00ba de janeiro, de acordo com Federa\u00e7\u00e3o Brasileira de Bancos (Febraban). Hoje (30) os bancos abrem normalmente.<\/p>\n<p>A federa\u00e7\u00e3o lembra que, nos dias em que as ag\u00eancias estiverem fechadas, os clientes poder\u00e3o usar os canais alternativos de atendimento para fazer opera\u00e7\u00f5es banc\u00e1rias, como caixas eletr\u00f4nicos, internet\u00a0<em>banking<\/em>, mobile<em>\u00a0banking<\/em>, banco por telefone e correspondentes (casas lot\u00e9ricas, ag\u00eancias dos Correios, redes de supermercados e outros estabelecimentos comerciais credenciados).<\/p>\n<p>As contas de consumo (\u00e1gua, luz, telefone e TV a cabo, por exemplo) e os carn\u00eas que vencerem no per\u00edodo em que os bancos ficar\u00e3o fechados poder\u00e3o ser pagas no pr\u00f3ximo dia \u00fatil (2 de janeiro), sem a incid\u00eancia de multa. Os tributos, normalmente, j\u00e1 est\u00e3o com a data ajustada pelo calend\u00e1rio de feriados (federais, estaduais e municipais).<\/p>\n<p>Os clientes tamb\u00e9m podem agendar nos bancos os pagamentos das contas de consumo ou pag\u00e1-las (as que t\u00eam c\u00f3digo de barras) nos pr\u00f3prios caixas autom\u00e1ticos, ou em correspondentes. J\u00e1 os boletos banc\u00e1rios de clientes cadastrados como sacados eletr\u00f4nicos poder\u00e3o ser agendados ou pagos por meio do D\u00e9bito Direto Autorizado (DDA).<\/p>\n","protected":false},"excerpt":{"rendered":"<p>As ag\u00eancias banc\u00e1rias v\u00e3o fechar amanh\u00e3 (31), assim como no dia 1\u00ba de janeiro, de acordo com Federa\u00e7\u00e3o Brasileira de Bancos (Febraban). Hoje (30) os bancos abrem normalmente. A federa\u00e7\u00e3o lembra que, nos dias em que as ag\u00eancias estiverem fechadas, os clientes poder\u00e3o usar os canais alternativos de atendimento para fazer opera\u00e7\u00f5es banc\u00e1rias, como caixas [&hellip;]<\/p>\n","protected":false},"author":2,"featured_media":0,"comment_status":"open","ping_status":"open","sticky":false,"template":"","format":"standard","meta":{"footnotes":"","_links_to":"","_links_to_target":""},"categories":[1],"tags":[],"class_list":["post-33532","post","type-post","status-publish","format-standard","hentry","category-geral"],"views":1212,"_links":{"self":[{"href":"https:\/\/www.sudoestehoje.com.br\/novoportal\/wp-json\/wp\/v2\/posts\/33532","targetHints":{"allow":["GET"]}}],"collection":[{"href":"https:\/\/www.sudoestehoje.com.br\/novoportal\/wp-json\/wp\/v2\/posts"}],"about":[{"href":"https:\/\/www.sudoestehoje.com.br\/novoportal\/wp-json\/wp\/v2\/types\/post"}],"author":[{"embeddable":true,"href":"https:\/\/www.sudoestehoje.com.br\/novoportal\/wp-json\/wp\/v2\/users\/2"}],"replies":[{"embeddable":true,"href":"https:\/\/www.sudoestehoje.com.br\/novoportal\/wp-json\/wp\/v2\/comments?post=33532"}],"version-history":[{"count":6,"href":"https:\/\/www.sudoestehoje.com.br\/novoportal\/wp-json\/wp\/v2\/posts\/33532\/revisions"}],"predecessor-version":[{"id":33539,"href":"https:\/\/www.sudoestehoje.com.br\/novoportal\/wp-json\/wp\/v2\/posts\/33532\/revisions\/33539"}],"wp:attachment":[{"href":"https:\/\/www.sudoestehoje.com.br\/novoportal\/wp-json\/wp\/v2\/media?parent=33532"}],"wp:term":[{"taxonomy":"category","embeddable":true,"href":"https:\/\/www.sudoestehoje.com.br\/novoportal\/wp-json\/wp\/v2\/categories?post=33532"},{"taxonomy":"post_tag","embeddable":true,"href":"https:\/\/www.sudoestehoje.com.br\/novoportal\/wp-json\/wp\/v2\/tags?post=33532"}],"curies":[{"name":"wp","href":"https:\/\/api.w.org\/{rel}","templated":true}]}}