
{"id":33523,"date":"2013-12-30T20:28:08","date_gmt":"2013-12-30T23:28:08","guid":{"rendered":"http:\/\/www.sudoestehoje.com.br\/novoportal\/?p=33523"},"modified":"2013-12-30T21:03:32","modified_gmt":"2013-12-31T00:03:32","slug":"virada-do-ano-com-previsao-de-chuva","status":"publish","type":"post","link":"https:\/\/www.sudoestehoje.com.br\/novoportal\/2013\/12\/30\/virada-do-ano-com-previsao-de-chuva\/","title":{"rendered":"VIRADA DO ANO COM PREVIS\u00c3O DE CHUVA"},"content":{"rendered":"<p><a href=\"http:\/\/www.sudoestehoje.com.br\/novoportal\/wp-content\/uploads\/2013\/12\/ENCHENTE.jpg\"><img loading=\"lazy\" decoding=\"async\" class=\"aligncenter size-medium wp-image-33525\" alt=\"ENCHENTE\" src=\"http:\/\/www.sudoestehoje.com.br\/novoportal\/wp-content\/uploads\/2013\/12\/ENCHENTE-500x375.jpg\" width=\"500\" height=\"375\" srcset=\"https:\/\/www.sudoestehoje.com.br\/novoportal\/wp-content\/uploads\/2013\/12\/ENCHENTE-500x375.jpg 500w, https:\/\/www.sudoestehoje.com.br\/novoportal\/wp-content\/uploads\/2013\/12\/ENCHENTE.jpg 620w\" sizes=\"auto, (max-width: 500px) 100vw, 500px\" \/><\/a><\/p>\n<p>A noite de Ano-Novo tem tend\u00eancia de chuva em algumas regi\u00f5es do pa\u00eds, informou neste domingo (29) o Instituto Nacional de Meteorologia (Inmet). Essa \u00e9 a previs\u00e3o para as regi\u00f5es Centro-Oeste, parte do Sudeste (exceto Esp\u00edrito Santo, norte e nordeste de Minas Gerais) e toda a Regi\u00e3o Sul.<\/p>\n<p>A chegada de uma frente fria \u00e0 Regi\u00e3o Sul dever\u00e1 ocasionar chuva mais forte na noite de 31 de dezembro no Rio Grande do Sul, mas os outros estados tamb\u00e9m est\u00e3o sujeitos a passar a virada do ano sob mau tempo. Entretanto, n\u00e3o h\u00e1 previs\u00e3o de temporais no pa\u00eds, pelo menos at\u00e9 agora, para a chegada de 2014.<!--more--><\/p>\n<p>Na Regi\u00e3o Norte, h\u00e1 possibilidade de um r\u00e9veillon chuvoso em Rond\u00f4nia, no Amazonas, em Macap\u00e1 e Bel\u00e9m. H\u00e1 tamb\u00e9m possibilidade de chuva no litoral entre as regi\u00f5es Leste e Nordeste, alcan\u00e7ando desde Salvador at\u00e9 a Para\u00edba. Para o Rio de Janeiro, a previs\u00e3o \u00e9 mais otimista e pode n\u00e3o chover na noite de Ano-Novo, diz o Inmet.<\/p>\n<p>A previs\u00e3o para os cariocas, at\u00e9 agora, \u00e9 tempo parcialmente nublado, com n\u00e9voa \u00famida, no \u00faltimo dia do ano. Para Bras\u00edlia, est\u00e1 previsto tempo parcialmente nublado a nublado, com pancadas de chuva e trovoadas isoladas, mesma situa\u00e7\u00e3o que dever\u00e1 ocorrer na cidade de S\u00e3o Paulo na \u00faltima noite de 2013. (ABr)<\/p>\n","protected":false},"excerpt":{"rendered":"<p>A noite de Ano-Novo tem tend\u00eancia de chuva em algumas regi\u00f5es do pa\u00eds, informou neste domingo (29) o Instituto Nacional de Meteorologia (Inmet). Essa \u00e9 a previs\u00e3o para as regi\u00f5es Centro-Oeste, parte do Sudeste (exceto Esp\u00edrito Santo, norte e nordeste de Minas Gerais) e toda a Regi\u00e3o Sul. A chegada de uma frente fria \u00e0 [&hellip;]<\/p>\n","protected":false},"author":2,"featured_media":0,"comment_status":"open","ping_status":"open","sticky":false,"template":"","format":"standard","meta":{"footnotes":"","_links_to":"","_links_to_target":""},"categories":[1],"tags":[],"class_list":["post-33523","post","type-post","status-publish","format-standard","hentry","category-geral"],"views":1220,"_links":{"self":[{"href":"https:\/\/www.sudoestehoje.com.br\/novoportal\/wp-json\/wp\/v2\/posts\/33523","targetHints":{"allow":["GET"]}}],"collection":[{"href":"https:\/\/www.sudoestehoje.com.br\/novoportal\/wp-json\/wp\/v2\/posts"}],"about":[{"href":"https:\/\/www.sudoestehoje.com.br\/novoportal\/wp-json\/wp\/v2\/types\/post"}],"author":[{"embeddable":true,"href":"https:\/\/www.sudoestehoje.com.br\/novoportal\/wp-json\/wp\/v2\/users\/2"}],"replies":[{"embeddable":true,"href":"https:\/\/www.sudoestehoje.com.br\/novoportal\/wp-json\/wp\/v2\/comments?post=33523"}],"version-history":[{"count":3,"href":"https:\/\/www.sudoestehoje.com.br\/novoportal\/wp-json\/wp\/v2\/posts\/33523\/revisions"}],"predecessor-version":[{"id":33530,"href":"https:\/\/www.sudoestehoje.com.br\/novoportal\/wp-json\/wp\/v2\/posts\/33523\/revisions\/33530"}],"wp:attachment":[{"href":"https:\/\/www.sudoestehoje.com.br\/novoportal\/wp-json\/wp\/v2\/media?parent=33523"}],"wp:term":[{"taxonomy":"category","embeddable":true,"href":"https:\/\/www.sudoestehoje.com.br\/novoportal\/wp-json\/wp\/v2\/categories?post=33523"},{"taxonomy":"post_tag","embeddable":true,"href":"https:\/\/www.sudoestehoje.com.br\/novoportal\/wp-json\/wp\/v2\/tags?post=33523"}],"curies":[{"name":"wp","href":"https:\/\/api.w.org\/{rel}","templated":true}]}}