
{"id":3352,"date":"2011-02-06T10:32:22","date_gmt":"2011-02-06T13:32:22","guid":{"rendered":"http:\/\/www.sudoestehoje.com.br\/novoportal\/?p=3352"},"modified":"2011-02-06T11:26:07","modified_gmt":"2011-02-06T14:26:07","slug":"mercado-municipal","status":"publish","type":"post","link":"https:\/\/www.sudoestehoje.com.br\/novoportal\/2011\/02\/06\/mercado-municipal\/","title":{"rendered":"MERCADO MUNICIPAL"},"content":{"rendered":"<p style=\"text-align: center;\"><a href=\"http:\/\/www.google.com.br\/imgres?imgurl=http:\/\/3.bp.blogspot.com\/_vBEVDLY91Ww\/TLjZzNnZPeI\/AAAAAAAAE-M\/qSvtKwnJxMc\/s1600\/pra%C3%A7a%2Bda%2Bb%C3%ADblia.JPG&amp;imgrefurl=http:\/\/noticiasdeitapetinga.blogspot.com\/2010\/10\/revolta-no-centro-de-itapetinga.html&amp;usg=___EmK8ks0_4WH5WU0nxBzOAUExfw=&amp;h=768&amp;w=1024&amp;sz=140&amp;hl=pt-br&amp;start=8&amp;zoom=1&amp;um=1&amp;itbs=1&amp;tbnid=5xxjGE4lYt6p_M:&amp;tbnh=113&amp;tbnw=150&amp;prev=\/images%3Fq%3Dpra%25C3%25A7a%2Bda%2Bbiblia%2Bitapetinga%26um%3D1%26hl%3Dpt-br%26sa%3DN%26rlz%3D1R2ADBS_pt-BRBR354%26ndsp%3D20%26tbs%3Disch:1&amp;ei=rqJOTdzSKYK8lQedrN3SDw\"><img loading=\"lazy\" decoding=\"async\" class=\"aligncenter\" src=\"http:\/\/t3.gstatic.com\/images?q=tbn:ANd9GcQ86vXLFYMMM4BkgYCEK5hDsE5lzb8rAZ5gMgOao3ovliH-w0hZaUdt3v4\" alt=\"\" width=\"150\" height=\"113\" \/><\/a><\/p>\n<p>O antigo Mercado Municipal foi contruido pelo prefeito de Itamb\u00e9, Coriolano Fagundes, na Pra\u00e7a da Bandeira, por volta de 1948, quando Itapetinga ainda era um Distrito. Naquela pra\u00e7a funcionava\u00a0a antiga feira de Itapetinga, que se estendia pelas ruas D. Pedro II e\u00a0Monteiro Lobato. Nas esquinas do Rancho, e posteriormente do Armarinho Elim, ficavam os meninos com os seus carrinho de m\u00e3o, feitos de madeira, que levavam as &#8216;feiras&#8217; das senhoras, at\u00e9 as suas resid\u00eancias, em troca de 1 ou 2 cruzeiros. Com a mudan\u00e7a da feira para a Central de Abastecimento, o prefeito Jos\u00e9 Marcos Gusm\u00e3o mandou demolir o velho mercado, que deveria ter sido reformado e transformado em um centro de cultura e\u00a0artesanato, como imaginara Michel. Resultado: virou &#8216; Z\u00e9 Camel\u00f3dromo&#8217;.<\/p>\n","protected":false},"excerpt":{"rendered":"<p>O antigo Mercado Municipal foi contruido pelo prefeito de Itamb\u00e9, Coriolano Fagundes, na Pra\u00e7a da Bandeira, por volta de 1948, quando Itapetinga ainda era um Distrito. Naquela pra\u00e7a funcionava\u00a0a antiga feira de Itapetinga, que se estendia pelas ruas D. Pedro II e\u00a0Monteiro Lobato. Nas esquinas do Rancho, e posteriormente do Armarinho Elim, ficavam os meninos [&hellip;]<\/p>\n","protected":false},"author":2,"featured_media":0,"comment_status":"open","ping_status":"open","sticky":false,"template":"","format":"standard","meta":{"footnotes":"","_links_to":"","_links_to_target":""},"categories":[11],"tags":[],"class_list":["post-3352","post","type-post","status-publish","format-standard","hentry","category-quentinhas"],"views":226,"_links":{"self":[{"href":"https:\/\/www.sudoestehoje.com.br\/novoportal\/wp-json\/wp\/v2\/posts\/3352","targetHints":{"allow":["GET"]}}],"collection":[{"href":"https:\/\/www.sudoestehoje.com.br\/novoportal\/wp-json\/wp\/v2\/posts"}],"about":[{"href":"https:\/\/www.sudoestehoje.com.br\/novoportal\/wp-json\/wp\/v2\/types\/post"}],"author":[{"embeddable":true,"href":"https:\/\/www.sudoestehoje.com.br\/novoportal\/wp-json\/wp\/v2\/users\/2"}],"replies":[{"embeddable":true,"href":"https:\/\/www.sudoestehoje.com.br\/novoportal\/wp-json\/wp\/v2\/comments?post=3352"}],"version-history":[{"count":3,"href":"https:\/\/www.sudoestehoje.com.br\/novoportal\/wp-json\/wp\/v2\/posts\/3352\/revisions"}],"predecessor-version":[{"id":3354,"href":"https:\/\/www.sudoestehoje.com.br\/novoportal\/wp-json\/wp\/v2\/posts\/3352\/revisions\/3354"}],"wp:attachment":[{"href":"https:\/\/www.sudoestehoje.com.br\/novoportal\/wp-json\/wp\/v2\/media?parent=3352"}],"wp:term":[{"taxonomy":"category","embeddable":true,"href":"https:\/\/www.sudoestehoje.com.br\/novoportal\/wp-json\/wp\/v2\/categories?post=3352"},{"taxonomy":"post_tag","embeddable":true,"href":"https:\/\/www.sudoestehoje.com.br\/novoportal\/wp-json\/wp\/v2\/tags?post=3352"}],"curies":[{"name":"wp","href":"https:\/\/api.w.org\/{rel}","templated":true}]}}