
{"id":33484,"date":"2013-12-29T20:00:24","date_gmt":"2013-12-29T23:00:24","guid":{"rendered":"http:\/\/www.sudoestehoje.com.br\/novoportal\/?p=33484"},"modified":"2013-12-29T22:18:01","modified_gmt":"2013-12-30T01:18:01","slug":"schumacher-sofre-traumatismo-craniano-e-esta-em-coma","status":"publish","type":"post","link":"https:\/\/www.sudoestehoje.com.br\/novoportal\/2013\/12\/29\/schumacher-sofre-traumatismo-craniano-e-esta-em-coma\/","title":{"rendered":"SCHUMACHER SOFRE TRAUMATISMO CRANIANO E EST\u00c1 EM COMA"},"content":{"rendered":"<p style=\"text-align: center;\"><a href=\"http:\/\/www.sudoestehoje.com.br\/novoportal\/wp-content\/uploads\/2013\/12\/chume.jpg\"><img decoding=\"async\" class=\"aligncenter  wp-image-33491\" alt=\"chume\" src=\"http:\/\/www.sudoestehoje.com.br\/novoportal\/wp-content\/uploads\/2013\/12\/chume.jpg\" width=\"450\" \/><\/a><\/p>\n<p><strong><em>O Globo<\/em><\/strong><\/p>\n<p>PARIS &#8211; Piorou o estado de sa\u00fade do ex-piloto Michael Schumacher, que bateu com a cabe\u00e7a em uma pedra ao cair enquanto esquiava nos Alpes franceses, neste domingo, e sofreu traumatismo craniano. O estado do alem\u00e3o foi piorando ao longo do dia e ele entrou em coma. Schumacher tem uma hemorragia cerebral e est\u00e1 em estado cr\u00edtico.<\/p>\n<p>O Centro Hospitalar Universit\u00e1rio de Grenoble, onde o alem\u00e3o est\u00e1 internado, divulgou, em comunicado, que o alem\u00e3o chegou j\u00e1 em coma, com &#8216;traumatismo craniano grave&#8217; e passou por uma neurocirurgia de emerg\u00eancia. O hospital marcou uma coletiva de imprensa para \u00e0s 11h desta segunda (8h de Bras\u00edlia) para dar mais detalhes sobre o estado do ex-piloto.<\/p>\n<p style=\"text-align: center;\"><a href=\"http:\/\/www.sudoestehoje.com.br\/novoportal\/wp-content\/uploads\/2013\/12\/chume-2.jpg\"><img decoding=\"async\" class=\"aligncenter  wp-image-33493\" alt=\"chume 2\" src=\"http:\/\/www.sudoestehoje.com.br\/novoportal\/wp-content\/uploads\/2013\/12\/chume-2-500x308.jpg\" width=\"450\" srcset=\"https:\/\/www.sudoestehoje.com.br\/novoportal\/wp-content\/uploads\/2013\/12\/chume-2-500x308.jpg 500w, https:\/\/www.sudoestehoje.com.br\/novoportal\/wp-content\/uploads\/2013\/12\/chume-2-700x432.jpg 700w, https:\/\/www.sudoestehoje.com.br\/novoportal\/wp-content\/uploads\/2013\/12\/chume-2.jpg 960w\" sizes=\"(max-width: 500px) 100vw, 500px\" \/><!--more--><\/a><\/p>\n<p>Schumacher esquiava no resort de M\u00e9ribel, nos Alpes franceses. O acidente ocorreu \u00e0s 11h07m (8h07m, no hor\u00e1rio de Bras\u00edlia). O sete vezes campe\u00e3o de F\u00f3rmula 1 bateu com a cabe\u00e7a em uma pedra e foi levado menos de dez minutos depois para o hospital mais pr\u00f3ximo, na cidade de Mo\u00fbtiers, a 17 quil\u00f4metros do resort.<\/p>\n<p>O alem\u00e3o, de 44 anos, foi transferido para o Centro Hospitalar Universit\u00e1rio de Grenoble, a 107 quil\u00f4metros de Mo\u00fbtiers, por volta de 12h45m (9h45m, no hor\u00e1rio de Bras\u00edlia), ap\u00f3s a equipe m\u00e9dica ter conclu\u00eddo que sua les\u00e3o era mais grave que o imaginado inicialmente. O neurocirurgi\u00e3o G\u00e9rard Saillant, amigo da fam\u00edlia, e que j\u00e1 operou o pr\u00f3prio Schumacher e o ex-jogador Ronaldo, foi ao hospital.<\/p>\n<p>O ex-piloto franc\u00eas Olivier Panis esteve no hospital, mas n\u00e3o conseguiu visitar Schumacher.<\/p>\n<p>&#8211; Voltarei amanh\u00e3. Sim, estou preocupado &#8211; disse Panis a BFM TV.<\/p>\n<p>Companheiro de Schumacher na Ferrari em 2006, Felipe Massa postou uma foto abra\u00e7ando o alem\u00e3o em sua conta no Instagram.<\/p>\n<p>&#8220;Estou rezando para Deus te proteger irm\u00e3o! E q vc tenha uma r\u00e1pida recupera\u00e7\u00e3o Michael&#8221;, escreveu Massa.<\/p>\n<p>Logo ap\u00f3s o acidente, o diretor do resort M\u00e9ribel, Gernignon Christophe Lecomte, chegou a afirmar \u00e0 r\u00e1dio RMC que a les\u00e3o n\u00e3o parecia ter sido muito grave. Ele confirmou ainda que Schumacher estava usando um capacete. Segundo as primeiras informa\u00e7\u00f5es, a queda de Schumacher, que ocorreu na interse\u00e7\u00e3o entre duas pistas, teria ocorrido por causa de uma \u201cfalha t\u00e9cnica\u201d, informou o BFMTV.<\/p>\n<p>&#8211; A ajuda chegou rapidamente. \u00e0s 11h15m. Ele foi levado para o hospital em Moutiers. Ele estava um pouco estremecido, mas consciente. Pode ter sido uma les\u00e3o na cabe\u00e7a, mas n\u00e3o saberia dizer se \u00e9 muito s\u00e9ria &#8211; afirmou Lecomte a ag\u00eancias internacionais.<\/p>\n<p>Michael Schumacher completar\u00e1 45 anos na pr\u00f3xima sexta-feira, dia 3. Ele \u00e9 o recordista em vit\u00f3rias e t\u00edtulos na F\u00f3rmula 1. Em 19 temporadas, ele foi campe\u00e3o sete vezes, em 1994, 1995 (com a Benneton) e de 2000 a 2004 (com a Ferrari). Foram 91 vit\u00f3rias, 68 poles e 155 p\u00f3dios em 306 corridas. Ele se aposentou no fim de 2006, mas voltou \u00e0 F-1 em 2010, pilotando uma Mercedes, se aposentando em definitivo ap\u00f3s a temporada de 2012. Sua \u00faltima corrida foi no GP de Interlagos, em S\u00e3o Paulo.<\/p>\n","protected":false},"excerpt":{"rendered":"<p>O Globo PARIS &#8211; Piorou o estado de sa\u00fade do ex-piloto Michael Schumacher, que bateu com a cabe\u00e7a em uma pedra ao cair enquanto esquiava nos Alpes franceses, neste domingo, e sofreu traumatismo craniano. O estado do alem\u00e3o foi piorando ao longo do dia e ele entrou em coma. Schumacher tem uma hemorragia cerebral e [&hellip;]<\/p>\n","protected":false},"author":2,"featured_media":0,"comment_status":"open","ping_status":"open","sticky":false,"template":"","format":"standard","meta":{"footnotes":"","_links_to":"","_links_to_target":""},"categories":[1],"tags":[],"class_list":["post-33484","post","type-post","status-publish","format-standard","hentry","category-geral"],"views":1763,"_links":{"self":[{"href":"https:\/\/www.sudoestehoje.com.br\/novoportal\/wp-json\/wp\/v2\/posts\/33484","targetHints":{"allow":["GET"]}}],"collection":[{"href":"https:\/\/www.sudoestehoje.com.br\/novoportal\/wp-json\/wp\/v2\/posts"}],"about":[{"href":"https:\/\/www.sudoestehoje.com.br\/novoportal\/wp-json\/wp\/v2\/types\/post"}],"author":[{"embeddable":true,"href":"https:\/\/www.sudoestehoje.com.br\/novoportal\/wp-json\/wp\/v2\/users\/2"}],"replies":[{"embeddable":true,"href":"https:\/\/www.sudoestehoje.com.br\/novoportal\/wp-json\/wp\/v2\/comments?post=33484"}],"version-history":[{"count":7,"href":"https:\/\/www.sudoestehoje.com.br\/novoportal\/wp-json\/wp\/v2\/posts\/33484\/revisions"}],"predecessor-version":[{"id":33495,"href":"https:\/\/www.sudoestehoje.com.br\/novoportal\/wp-json\/wp\/v2\/posts\/33484\/revisions\/33495"}],"wp:attachment":[{"href":"https:\/\/www.sudoestehoje.com.br\/novoportal\/wp-json\/wp\/v2\/media?parent=33484"}],"wp:term":[{"taxonomy":"category","embeddable":true,"href":"https:\/\/www.sudoestehoje.com.br\/novoportal\/wp-json\/wp\/v2\/categories?post=33484"},{"taxonomy":"post_tag","embeddable":true,"href":"https:\/\/www.sudoestehoje.com.br\/novoportal\/wp-json\/wp\/v2\/tags?post=33484"}],"curies":[{"name":"wp","href":"https:\/\/api.w.org\/{rel}","templated":true}]}}