
{"id":33478,"date":"2013-12-29T16:15:30","date_gmt":"2013-12-29T19:15:30","guid":{"rendered":"http:\/\/www.sudoestehoje.com.br\/novoportal\/?p=33478"},"modified":"2013-12-29T16:15:30","modified_gmt":"2013-12-29T19:15:30","slug":"ufc-anderson-silva-fratura-seriamente-a-tibia-e-perde-a-revanche","status":"publish","type":"post","link":"https:\/\/www.sudoestehoje.com.br\/novoportal\/2013\/12\/29\/ufc-anderson-silva-fratura-seriamente-a-tibia-e-perde-a-revanche\/","title":{"rendered":"UFC: ANDERSON SILVA FRATURA SERIAMENTE A T\u00cdBIA E PERDE A REVANCHE"},"content":{"rendered":"<p><a href=\"http:\/\/www.sudoestehoje.com.br\/novoportal\/wp-content\/uploads\/2013\/12\/Fratura-Anderson-Silva-Foto-A-Tarde.jpg\"><img loading=\"lazy\" decoding=\"async\" class=\"aligncenter size-medium wp-image-33480\" alt=\"Fratura-Anderson-Silva-Foto-A-Tarde\" src=\"http:\/\/www.sudoestehoje.com.br\/novoportal\/wp-content\/uploads\/2013\/12\/Fratura-Anderson-Silva-Foto-A-Tarde-500x288.jpg\" width=\"500\" height=\"288\" srcset=\"https:\/\/www.sudoestehoje.com.br\/novoportal\/wp-content\/uploads\/2013\/12\/Fratura-Anderson-Silva-Foto-A-Tarde-500x288.jpg 500w, https:\/\/www.sudoestehoje.com.br\/novoportal\/wp-content\/uploads\/2013\/12\/Fratura-Anderson-Silva-Foto-A-Tarde.jpg 650w\" sizes=\"auto, (max-width: 500px) 100vw, 500px\" \/><\/a><\/p>\n<p>Anderson Silva tentou retomar o cintur\u00e3o dos m\u00e9dios do UFC, mas acabou dando adeus \u00e0s chances de recuperar seu t\u00edtulo por conta de uma surpreendente les\u00e3o. Neste s\u00e1bado (28), no segundo round da revanche, em Las Vegas, o brasileiro acertou chute na perna do advers\u00e1rio americano e imediatamente caiu no oct\u00f3gono ao sentir uma fratura.<\/p>\n<p>O brasileiro passa bem ap\u00f3s ter sido submetido a cirurgia de reconstitui\u00e7\u00e3o da t\u00edbia. Nesta madrugada, o lutador sofreu uma fratura ao aplicar golpe em Chris Weidman no UFC 168. A cirurgia foi realizada em um hospital de Las Vegas.<\/p>\n<p>Anderson Silva usou a conta no Twitter para dizer que fez o melhor e sentia muito por ter desapontado os brasileiros. A luta era uma revanche de Silva, que tentava retomar o cintur\u00e3o de sua categoria ap\u00f3s ter perdido para Weidman.<\/p>\n<p>Em nota, a organiza\u00e7\u00e3o do UFC diz que brasileiro quer privacidade neste momento. A les\u00e3o ocorreu no segundo round da luta, quando tentou um chute baixo. A perna dele atingiu o joelho do advers\u00e1rio (veja sequ\u00eancia acima). O choque causou a fratura.<\/p>\n","protected":false},"excerpt":{"rendered":"<p>Anderson Silva tentou retomar o cintur\u00e3o dos m\u00e9dios do UFC, mas acabou dando adeus \u00e0s chances de recuperar seu t\u00edtulo por conta de uma surpreendente les\u00e3o. Neste s\u00e1bado (28), no segundo round da revanche, em Las Vegas, o brasileiro acertou chute na perna do advers\u00e1rio americano e imediatamente caiu no oct\u00f3gono ao sentir uma fratura. [&hellip;]<\/p>\n","protected":false},"author":2,"featured_media":0,"comment_status":"open","ping_status":"open","sticky":false,"template":"","format":"standard","meta":{"footnotes":"","_links_to":"","_links_to_target":""},"categories":[1],"tags":[],"class_list":["post-33478","post","type-post","status-publish","format-standard","hentry","category-geral"],"views":4127,"_links":{"self":[{"href":"https:\/\/www.sudoestehoje.com.br\/novoportal\/wp-json\/wp\/v2\/posts\/33478","targetHints":{"allow":["GET"]}}],"collection":[{"href":"https:\/\/www.sudoestehoje.com.br\/novoportal\/wp-json\/wp\/v2\/posts"}],"about":[{"href":"https:\/\/www.sudoestehoje.com.br\/novoportal\/wp-json\/wp\/v2\/types\/post"}],"author":[{"embeddable":true,"href":"https:\/\/www.sudoestehoje.com.br\/novoportal\/wp-json\/wp\/v2\/users\/2"}],"replies":[{"embeddable":true,"href":"https:\/\/www.sudoestehoje.com.br\/novoportal\/wp-json\/wp\/v2\/comments?post=33478"}],"version-history":[{"count":2,"href":"https:\/\/www.sudoestehoje.com.br\/novoportal\/wp-json\/wp\/v2\/posts\/33478\/revisions"}],"predecessor-version":[{"id":33481,"href":"https:\/\/www.sudoestehoje.com.br\/novoportal\/wp-json\/wp\/v2\/posts\/33478\/revisions\/33481"}],"wp:attachment":[{"href":"https:\/\/www.sudoestehoje.com.br\/novoportal\/wp-json\/wp\/v2\/media?parent=33478"}],"wp:term":[{"taxonomy":"category","embeddable":true,"href":"https:\/\/www.sudoestehoje.com.br\/novoportal\/wp-json\/wp\/v2\/categories?post=33478"},{"taxonomy":"post_tag","embeddable":true,"href":"https:\/\/www.sudoestehoje.com.br\/novoportal\/wp-json\/wp\/v2\/tags?post=33478"}],"curies":[{"name":"wp","href":"https:\/\/api.w.org\/{rel}","templated":true}]}}