
{"id":3347,"date":"2011-02-05T20:24:13","date_gmt":"2011-02-05T23:24:13","guid":{"rendered":"http:\/\/www.sudoestehoje.com.br\/novoportal\/?p=3347"},"modified":"2011-02-05T20:24:13","modified_gmt":"2011-02-05T23:24:13","slug":"samu-192","status":"publish","type":"post","link":"https:\/\/www.sudoestehoje.com.br\/novoportal\/2011\/02\/05\/samu-192\/","title":{"rendered":"SAMU 192"},"content":{"rendered":"<p><a href=\"http:\/\/www.google.com.br\/imgres?imgurl=http:\/\/www.sudoestehoje.com.br\/novoportal\/wp-content\/uploads\/2010\/11\/100_41591.jpg&amp;imgrefurl=http:\/\/www.sudoestehoje.com.br\/novoportal\/2010\/11\/27\/reforma-administrativa-ja\/&amp;usg=__9uf31DiIgTwY8Kt1JMwvOjtZe00=&amp;h=2748&amp;w=3664&amp;sz=1364&amp;hl=pt-br&amp;start=1&amp;zoom=1&amp;um=1&amp;itbs=1&amp;tbnid=JJAklhNijKSewM:&amp;tbnh=113&amp;tbnw=150&amp;prev=\/images%3Fq%3DJOSE%2BELIAS%2BRIBEIRO%26um%3D1%26hl%3Dpt-br%26sa%3DN%26rlz%3D1R2ADBS_pt-BRBR354%26tbs%3Disch:1&amp;ei=mtpNTfD0NIWKlwf-t4jyDw\"><img loading=\"lazy\" decoding=\"async\" class=\"alignleft\" src=\"http:\/\/t0.gstatic.com\/images?q=tbn:ANd9GcR5XcGyfNaYEqbXWKoIALEaAkZ1Sr2-ENNN6fDDtiyrKd__iAtcW0LEhrX1\" alt=\"\" width=\"150\" height=\"113\" \/><\/a>Em setembro de 2003, iniciou-se a implanta\u00e7\u00e3o do Servi\u00e7o de Atendimento M\u00f3vel de Urg\u00eancia. O SAMU, \u00e9 um servi\u00e7o de sa\u00fade com participa\u00e7\u00e3o do Minist\u00e9rio da Sa\u00fade e Secretarias Municipais de Sa\u00fade.<\/p>\n<p>A inten\u00e7\u00e3o de que todo enfermo, ferido ou parturiente em situa\u00e7\u00e3o de urg\u00eancia ou emerg\u00eancia, sejam transportados com seguran\u00e7a e acompanhamento de profissionais da sa\u00fade at\u00e9 o hospital, e tamb\u00e9m serviria para fazer as transfer\u00eancias inter-hospitalares de pacientes. As equipes trabalhariam em sistema de plant\u00e3o com cobertura 24 hs, todos os dias da semana.<\/p>\n<p>Em nossa cidade est\u00e1 sendo implantada uma unidade na Nova Itapetinga. Se for uma equipe para suporte b\u00e1sico ser\u00e1 necess\u00e1rio t\u00e9cnico em enfermagem + motorista socorrista. Se for uma equipe de tratamento intensivo m\u00f3vel ser\u00e1 necess\u00e1rio m\u00e9dico + enfermeiro + motorista socorrista. Quando o SAMU estiver funcionado e come\u00e7ar a recepcionar os doentes e feridos, qual o destino das ambul\u00e2ncias? N\u00e3o existe estrutura hospitalar para receber os pacientes.\u00a0<\/p>\n<p>Antes de inaugurar o SAMU \u00e9 preciso investir na recupera\u00e7\u00e3o dos hospitais existentes. O SAMU funcionando bem, resolve o socorro de emerg\u00eancia. N\u00e3o resolve a resolu\u00e7\u00e3o \u201ctratamento\u201d do cidad\u00e3o. O SAMU \u00e9 um avan\u00e7o para a sa\u00fade p\u00fablica e \u00e9 uma conquista do governo Jos\u00e9 Carlos. N\u00e3o adianta ter SAMU se os pacientes s\u00e3o entregues para hospitais sem condi\u00e7\u00f5es de trat\u00e1-los.<\/p>\n<p><strong>Por JOS\u00c9 ELIAS RIBEIRO<\/strong><\/p>\n","protected":false},"excerpt":{"rendered":"<p>Em setembro de 2003, iniciou-se a implanta\u00e7\u00e3o do Servi\u00e7o de Atendimento M\u00f3vel de Urg\u00eancia. O SAMU, \u00e9 um servi\u00e7o de sa\u00fade com participa\u00e7\u00e3o do Minist\u00e9rio da Sa\u00fade e Secretarias Municipais de Sa\u00fade. A inten\u00e7\u00e3o de que todo enfermo, ferido ou parturiente em situa\u00e7\u00e3o de urg\u00eancia ou emerg\u00eancia, sejam transportados com seguran\u00e7a e acompanhamento de profissionais [&hellip;]<\/p>\n","protected":false},"author":2,"featured_media":0,"comment_status":"open","ping_status":"open","sticky":false,"template":"","format":"standard","meta":{"footnotes":"","_links_to":"","_links_to_target":""},"categories":[1],"tags":[],"class_list":["post-3347","post","type-post","status-publish","format-standard","hentry","category-geral"],"views":1620,"_links":{"self":[{"href":"https:\/\/www.sudoestehoje.com.br\/novoportal\/wp-json\/wp\/v2\/posts\/3347","targetHints":{"allow":["GET"]}}],"collection":[{"href":"https:\/\/www.sudoestehoje.com.br\/novoportal\/wp-json\/wp\/v2\/posts"}],"about":[{"href":"https:\/\/www.sudoestehoje.com.br\/novoportal\/wp-json\/wp\/v2\/types\/post"}],"author":[{"embeddable":true,"href":"https:\/\/www.sudoestehoje.com.br\/novoportal\/wp-json\/wp\/v2\/users\/2"}],"replies":[{"embeddable":true,"href":"https:\/\/www.sudoestehoje.com.br\/novoportal\/wp-json\/wp\/v2\/comments?post=3347"}],"version-history":[{"count":3,"href":"https:\/\/www.sudoestehoje.com.br\/novoportal\/wp-json\/wp\/v2\/posts\/3347\/revisions"}],"predecessor-version":[{"id":3350,"href":"https:\/\/www.sudoestehoje.com.br\/novoportal\/wp-json\/wp\/v2\/posts\/3347\/revisions\/3350"}],"wp:attachment":[{"href":"https:\/\/www.sudoestehoje.com.br\/novoportal\/wp-json\/wp\/v2\/media?parent=3347"}],"wp:term":[{"taxonomy":"category","embeddable":true,"href":"https:\/\/www.sudoestehoje.com.br\/novoportal\/wp-json\/wp\/v2\/categories?post=3347"},{"taxonomy":"post_tag","embeddable":true,"href":"https:\/\/www.sudoestehoje.com.br\/novoportal\/wp-json\/wp\/v2\/tags?post=3347"}],"curies":[{"name":"wp","href":"https:\/\/api.w.org\/{rel}","templated":true}]}}