
{"id":33465,"date":"2013-12-28T20:26:23","date_gmt":"2013-12-28T23:26:23","guid":{"rendered":"http:\/\/www.sudoestehoje.com.br\/novoportal\/?p=33465"},"modified":"2013-12-28T20:26:23","modified_gmt":"2013-12-28T23:26:23","slug":"acm-junior-afasta-possibilidade-de-se-candidatar-em-2014","status":"publish","type":"post","link":"https:\/\/www.sudoestehoje.com.br\/novoportal\/2013\/12\/28\/acm-junior-afasta-possibilidade-de-se-candidatar-em-2014\/","title":{"rendered":"ACM JUNIOR AFASTA POSSIBILIDADE DE SE CANDIDATAR EM 2014"},"content":{"rendered":"<div id=\"attachment_33466\" style=\"width: 510px\" class=\"wp-caption aligncenter\"><a href=\"http:\/\/www.sudoestehoje.com.br\/novoportal\/wp-content\/uploads\/2013\/12\/ACM-JUNIOR.jpg\"><img decoding=\"async\" aria-describedby=\"caption-attachment-33466\" class=\" wp-image-33466 \" alt=\"Nome voltou a ser cogitado para concorrer ao Senado, em uma chapa de coaliz\u00e3o oposicionista. ACM Neto diz que Geddel e Souto est\u00e3o na dianteira\" src=\"http:\/\/www.sudoestehoje.com.br\/novoportal\/wp-content\/uploads\/2013\/12\/ACM-JUNIOR.jpg\" width=\"500\" \/><\/a><p id=\"caption-attachment-33466\" class=\"wp-caption-text\">Nome voltou a ser cogitado para concorrer ao Senado, em uma chapa de coaliz\u00e3o oposicionista. ACM Neto diz que Geddel e Souto est\u00e3o na dianteira.<\/p><\/div>\n<p>Em momento de discuss\u00e3o sobre o cen\u00e1rio eleitoral de 2014, mas com expectativa de fechar a composi\u00e7\u00e3o ap\u00f3s o Carnaval, a oposi\u00e7\u00e3o estaria estudando alguns nomes para a\u00a0posi\u00e7\u00e3o\u00a0ao Senado. Em meio \u00e0s possibilidades, voltou \u00e0 tona esta semana a especula\u00e7\u00e3o sobre o retorno do ex-senador Antonio Carlos Magalh\u00e3es J\u00fanior \u00e0 pol\u00edtica.<\/p>\n<p>Simpatizantes da ideia dizem que a campanha do ex-senador seria embalada pelo\u00a0filho\u00a0ACM Neto, hoje a principal lideran\u00e7a oposicionista no estado. No entanto, o professor e dirigente da Rede Bahia nega de forma enf\u00e1tica a possibilidade de retornar \u00e0 pol\u00edtica. \u201cN\u00e3o h\u00e1 a menor possibilidade. Minha prioridade \u00e9 continuar \u00e0 frente da Rede Bahia\u201d. Tribuna da Bahia<\/p>\n","protected":false},"excerpt":{"rendered":"<p>Em momento de discuss\u00e3o sobre o cen\u00e1rio eleitoral de 2014, mas com expectativa de fechar a composi\u00e7\u00e3o ap\u00f3s o Carnaval, a oposi\u00e7\u00e3o estaria estudando alguns nomes para a\u00a0posi\u00e7\u00e3o\u00a0ao Senado. Em meio \u00e0s possibilidades, voltou \u00e0 tona esta semana a especula\u00e7\u00e3o sobre o retorno do ex-senador Antonio Carlos Magalh\u00e3es J\u00fanior \u00e0 pol\u00edtica. Simpatizantes da ideia dizem [&hellip;]<\/p>\n","protected":false},"author":2,"featured_media":0,"comment_status":"open","ping_status":"open","sticky":false,"template":"","format":"standard","meta":{"footnotes":"","_links_to":"","_links_to_target":""},"categories":[1],"tags":[],"class_list":["post-33465","post","type-post","status-publish","format-standard","hentry","category-geral"],"views":1143,"_links":{"self":[{"href":"https:\/\/www.sudoestehoje.com.br\/novoportal\/wp-json\/wp\/v2\/posts\/33465","targetHints":{"allow":["GET"]}}],"collection":[{"href":"https:\/\/www.sudoestehoje.com.br\/novoportal\/wp-json\/wp\/v2\/posts"}],"about":[{"href":"https:\/\/www.sudoestehoje.com.br\/novoportal\/wp-json\/wp\/v2\/types\/post"}],"author":[{"embeddable":true,"href":"https:\/\/www.sudoestehoje.com.br\/novoportal\/wp-json\/wp\/v2\/users\/2"}],"replies":[{"embeddable":true,"href":"https:\/\/www.sudoestehoje.com.br\/novoportal\/wp-json\/wp\/v2\/comments?post=33465"}],"version-history":[{"count":1,"href":"https:\/\/www.sudoestehoje.com.br\/novoportal\/wp-json\/wp\/v2\/posts\/33465\/revisions"}],"predecessor-version":[{"id":33467,"href":"https:\/\/www.sudoestehoje.com.br\/novoportal\/wp-json\/wp\/v2\/posts\/33465\/revisions\/33467"}],"wp:attachment":[{"href":"https:\/\/www.sudoestehoje.com.br\/novoportal\/wp-json\/wp\/v2\/media?parent=33465"}],"wp:term":[{"taxonomy":"category","embeddable":true,"href":"https:\/\/www.sudoestehoje.com.br\/novoportal\/wp-json\/wp\/v2\/categories?post=33465"},{"taxonomy":"post_tag","embeddable":true,"href":"https:\/\/www.sudoestehoje.com.br\/novoportal\/wp-json\/wp\/v2\/tags?post=33465"}],"curies":[{"name":"wp","href":"https:\/\/api.w.org\/{rel}","templated":true}]}}