
{"id":33462,"date":"2013-12-28T20:14:15","date_gmt":"2013-12-28T23:14:15","guid":{"rendered":"http:\/\/www.sudoestehoje.com.br\/novoportal\/?p=33462"},"modified":"2013-12-29T19:48:53","modified_gmt":"2013-12-29T22:48:53","slug":"wagner-avalia-sua-gestao-e-fala-de-planos-para-2014","status":"publish","type":"post","link":"https:\/\/www.sudoestehoje.com.br\/novoportal\/2013\/12\/28\/wagner-avalia-sua-gestao-e-fala-de-planos-para-2014\/","title":{"rendered":"WAGNER AVALIA SUA GEST\u00c3O E FALA DE PLANOS PARA 2014"},"content":{"rendered":"<p><a href=\"http:\/\/www.sudoestehoje.com.br\/novoportal\/wp-content\/uploads\/2013\/12\/WAGNER.jpg\"><img loading=\"lazy\" decoding=\"async\" class=\"aligncenter size-medium wp-image-33463\" alt=\"WAGNER\" src=\"http:\/\/www.sudoestehoje.com.br\/novoportal\/wp-content\/uploads\/2013\/12\/WAGNER-500x361.jpg\" width=\"500\" height=\"361\" srcset=\"https:\/\/www.sudoestehoje.com.br\/novoportal\/wp-content\/uploads\/2013\/12\/WAGNER-500x361.jpg 500w, https:\/\/www.sudoestehoje.com.br\/novoportal\/wp-content\/uploads\/2013\/12\/WAGNER.jpg 620w\" sizes=\"auto, (max-width: 500px) 100vw, 500px\" \/><\/a><\/p>\n<p>Faltou dinheiro e chuva para que Jaques Wagner terminasse 2013 com sorrisos. A seca e o d\u00e9ficit no caixa transformaram-se no peso maior do pen\u00faltimo ano do governador \u00e0 frente do estado. Por outro lado, em 2014, Wagner diz que deseja sorrir com o desenvolvimento das obras de mobilidade na capital e com o Porto Sul, que promete movimentar a economia portu\u00e1ria baiana e a regi\u00e3o cacaueira.<\/p>\n<p>Wagner almeja ainda dar risadas com a reelei\u00e7\u00e3o de Dilma Rousseff \u00e0 Presid\u00eancia e de seu secret\u00e1rio Rui Costa para seu lugar. Para isso, fez at\u00e9 pedidos ao Senhor do Bonfim e tem conversado bastante com Costa. \u201cEle n\u00e3o precisa ser o advogado do meu governo na campanha\u201d, diz. Ontem, ele recebeu no seu gabinete, no CAB, os editores do Correio Jairo Costa J\u00fanior e Jorge Gauthier para uma conversa sobre a reta final de seu governo. Em 1 hora e 15 minutos de entrevista regada a \u00e1gua sem g\u00e1s e ch\u00e1 de hortel\u00e3 \u2013 seu preferido \u2013 considerou que em 2014 ter\u00e1 um ano at\u00edpico, em fun\u00e7\u00e3o dos eventos esportivos, culturais e das elei\u00e7\u00f5es. Por conta disso, promete seguir com projetos j\u00e1 iniciados. \u201cEstamos trabalhando. N\u00e3o podemos deixar o caf\u00e9 esfriar\u201d.<!--more--><\/p>\n<p><strong>Em janeiro, come\u00e7a seu oitavo ano de mandato. \u00c9 poss\u00edvel criar novos grandes projetos nesse \u00faltimo per\u00edodo?<\/strong><br \/>\nAcho que o oitavo ano \u00e9 at\u00edpico, porque em fun\u00e7\u00e3o do processo eleitoral h\u00e1 limita\u00e7\u00f5es. \u00c9 um ano mais curto, tem Copa, Carnaval, festas populares e elei\u00e7\u00e3o. Depois de outubro, seja qual for o resultado, tem que fazer o processo de transi\u00e7\u00e3o. N\u00e3o existe nenhum sentido criar programa novo, a n\u00e3o ser que seja\u00a0 emergencial.<\/p>\n<p><strong>O que \u00e9 poss\u00edvel fazer?<\/strong><br \/>\nTem que fazer rodar aquilo que j\u00e1 est\u00e1 planejado, programado. Mesmo agora que alguns (secret\u00e1rios) saem para ser candidatos, tem que ser dada uma continuidade.<\/p>\n<p><strong>Quais projetos ter\u00e3o continuidade este ano?<\/strong><br \/>\nEm 2014, se voc\u00ea n\u00e3o correr no come\u00e7o n\u00e3o faz mais nada.\u00a0 Vamos publicar a licita\u00e7\u00e3o do VLT (Ve\u00edculo Leve sobre Trilhos) do Sub\u00farbio, de Lobato a Piraj\u00e1, em janeiro. Amanh\u00e3 (hoje) sai o edital de licita\u00e7\u00e3o das\u00a0 avenidas 29 de Mar\u00e7o e Gal Costa. Dia 6 de janeiro vamos assinar o projeto do Porto Sul (em Ilh\u00e9us) e, logo em seguida, ser\u00e1 aberta a licita\u00e7\u00e3o.\u00a0 Estamos trabalhando. N\u00e3o podemos deixar o caf\u00e9 esfriar.<\/p>\n<p><strong>Qual foi o mais dif\u00edcil e o mais f\u00e1cil desses sete anos?<\/strong><br \/>\nDestacaria o de 2013 como o mais dif\u00edcil, por duas coisas que afetam o governo diretamente. A longa estiagem foi uma delas, que s\u00f3 n\u00e3o foi pior pela rede social que existe hoje.\u00a0 Somos o estado com a maior popula\u00e7\u00e3o rural do pa\u00eds. Some-se a isso o aperto financeiro. Foi o ano mais duro, apertado, sob efeito de crises econ\u00f4micas, que afetam muito um estado exportador e tur\u00edstico como a Bahia. O primeiro ano sempre \u00e9 o melhor. A pr\u00f3pria popula\u00e7\u00e3o, na sua intelig\u00eancia, sabe que \u00e9 ano de adequa\u00e7\u00e3o, de arrumar a casa. A popula\u00e7\u00e3o lhe d\u00e1 cr\u00e9dito. A partir do segundo, as coisas n\u00e3o acontecendo, a popula\u00e7\u00e3o vai se amarrando.<\/p>\n<p><strong>O problema maior, ent\u00e3o, \u00e9 de dinheiro em caixa?<\/strong><br \/>\nO problema do caixa foi nacional, n\u00e3o s\u00f3 baiano. Est\u00e1 todo mundo apertado. Com o aperto de dinheiro tem que desacelerar a velocidade de obras. Algumas obras t\u00eam que segurar um pouco, porque n\u00e3o adianta licitar e depois n\u00e3o conseguir pagar. Eu diria que vamos fechar o ano com uma visibilidade do problema melhor e vamos atravessar bem. Na verdade, o grande gargalo hoje \u00e9 a Previd\u00eancia. Temos um volume de aposentado grande. \u00c9 quase a propor\u00e7\u00e3o de um aposentado para um da ativa. S\u00f3 este ano vai ser preciso colocar R$ 2,1 bilh\u00f5es para fechar a conta e ano que vem deve ser R$ 2,2 bilh\u00f5es.<\/p>\n<p><strong>N\u00e3o seria o caso, ent\u00e3o, de direcionar, no or\u00e7amento de 2014 que est\u00e1 na pauta da Assembleia para vota\u00e7\u00e3o, os royalties a receber do petr\u00f3leo para a Previd\u00eancia? A oposi\u00e7\u00e3o afirma que isso n\u00e3o \u00e9 o que prop\u00f5e o projeto de lei enviado pelo seu governo para vota\u00e7\u00e3o.<\/strong><br \/>\nEst\u00e1 tudo aplicado na Previd\u00eancia. A oposi\u00e7\u00e3o n\u00e3o leu o projeto. Estou pedindo a autoriza\u00e7\u00e3o para colocar tudo no fundo da Previd\u00eancia e n\u00e3o para custear a administra\u00e7\u00e3o.<\/p>\n<p><strong>Um dos principais questionamentos dos servidores, principalmente da Educa\u00e7\u00e3o e Sa\u00fade,\u00a0 \u00e9 o n\u00e3o pagamento da URV sobre perdas dos planos monet\u00e1rios. O senhor pagar\u00e1 o dinheiro no \u00faltimo ano de mandato?<\/strong><br \/>\nN\u00e3o posso pagar nada se n\u00e3o tiver uma decis\u00e3o do Supremo Tribunal Federal (STF). Na hora que tiver uma decis\u00e3o, vou ser o primeiro a chamar para conversar. Se o estado for condenado a pagar, tem que fazer a conta e negociar o pagamento. A depender da conta, tem que parcelar.<\/p>\n<p><strong>O senhor acha que as greves da PM e dos professores prejudicaram o PT nas elei\u00e7\u00f5es para a prefeitura? Elas podem prejudicar Rui Costa como ocorreu com Nelson Pelegrino?<\/strong><br \/>\nCada epis\u00f3dio tem seu momento e custa seu pre\u00e7o. Eu separaria a greve da PM, que teve uma conota\u00e7\u00e3o diferente, era uma bandeira nacional, e houve outras quest\u00f5es envolvidas que eram muito mais complicadas. A natureza dela era outra, n\u00e3o que o m\u00e9rito dela n\u00e3o valesse, mas a forma\u2026 N\u00e3o adianta que n\u00e3o vou concordar nunca, porque quem \u00e9 pago para fazer a seguran\u00e7a da popula\u00e7\u00e3o tem que saber como faz suas reivindica\u00e7\u00f5es. A dos professores acho que foi mal conduzida pela equipe que estava me representando na mesa de negocia\u00e7\u00e3o. N\u00e3o mediram, colocaram coisas na mesa que se mostraram depois invi\u00e1veis. Acabamos com um desgaste, foram quatro meses de greve, o momento mais cr\u00edtico de 2012. Mas, se compararmos os \u00faltimos anos com os anos anteriores a nosso governo, fico \u00e0 vontade e tranquilo, em todos os aspectos. Teve um trauma, mas depois houve um processo de reaproxima\u00e7\u00e3o com a PM e o professorado. Se a oposi\u00e7\u00e3o quiser apostar nisso, na minha opini\u00e3o, vai apostar errado, porque tudo que \u00e9 demais \u00e9 sobra.<\/p>\n<p><strong>Um dos assuntos pol\u00edticos do ano foi a inesperada rela\u00e7\u00e3o entre o senhor e o prefeito ACM Neto, que \u00e9 do DEM, a principal for\u00e7a de oposi\u00e7\u00e3o ao PT no estado. O que facilitou?<\/strong><br \/>\nAntes da nossa chegada ao poder estadual, a concep\u00e7\u00e3o pol\u00edtica dominante, que era a do DEM, era completamente diferente da minha, de Dilma e Lula. Na cabe\u00e7a deles, oposi\u00e7\u00e3o era para exterminar. L\u00eddice da Mata foi um exemplo disso, quando foi eleita prefeita, em 1992, na \u00e9poca em que Antonio Carlos (Magalh\u00e3es) era governador. \u00d3bvio que foi uma surpresa, porque as pessoas n\u00e3o estavam acostumadas com isso. Como no caso da elei\u00e7\u00e3o da prefeitura de Salvador, ele (Neto) era visto um pouco, talvez o s\u00edmbolo daquele grupo, pensaram que era agora que viria o troco. Muita gente at\u00e9 sugeria isso.<\/p>\n<p><strong>Qual era sua resposta nessas horas?<\/strong><br \/>\nDizia: \u2018Vamos fazer igual?\u2019 Ele n\u00e3o est\u00e1 me enganando nem eu a ele. Se ele me chega com bons projetos, vou fazer o qu\u00ea? Maltratar Salvador. Prefiro que meu exemplo sirva para educar a gera\u00e7\u00e3o que est\u00e1 chegando na pol\u00edtica, do que ficar reproduzindo o que tinha antes. Eu j\u00e1 brinquei at\u00e9 com ele, uma vez que estava L\u00eddice em uma inaugura\u00e7\u00e3o que fui, e disse que quem mais tinha inveja era L\u00eddice, porque no tempo dela o tratamento n\u00e3o era assim.<\/p>\n<p><strong>A facilidade de tr\u00e2nsito que voc\u00eas constru\u00edram, o relacionamento\u2026<\/strong><br \/>\n(interrompendo) Administrativo!<\/p>\n<p><strong>De qualquer forma, vai se reverter em projetos para Salvador durante a Copa, que tamb\u00e9m \u00e9 ano eleitoral?<\/strong><br \/>\nTemos v\u00e1rias coisas acontecendo importantes. Tem o R\u00e9veillon, que \u00e9 a prefeitura naturalmente que est\u00e1 organizando, mas somos parte, patrocinando. Tem o Carnaval tamb\u00e9m. As coisas da Copa est\u00e3o mais ou menos prontas, \u00e9 evidente que ainda h\u00e1 muito o que fazer. Devem haver muitas coisas que estar\u00e3o acontecendo em conjunto, n\u00e3o tenho mesquinharia. O que n\u00e3o quer dizer que eu seja um aliado pol\u00edtico do prefeito. Eu estou trabalhando, ele est\u00e1 trabalhando, ele \u00e9 de um governo, eu de outro. Agora, o futuro ningu\u00e9m sabe. \u00c9 \u00f3bvio que, se eu puder diminuir o n\u00famero de advers\u00e1rios, sempre trabalharei para isso. Vou carregar peso de gra\u00e7a?<\/p>\n<p><strong>E sobre as conversas com os partidos da base aliada, em que est\u00e1gio elas est\u00e3o?<\/strong><br \/>\nEstamos mantendo o grupo unido. Mais recentemente a gente consolidou o PTB, j\u00e1 havia consolidado o PR, o PSC. Houve o epis\u00f3dio com o PSB, que eu esperava at\u00e9 manter no campo aliado, mas em fun\u00e7\u00e3o da decis\u00e3o do PSB, acabou saindo da coliga\u00e7\u00e3o. Sempre pode acontecer, mas n\u00e3o tem novas conquistas pela frente. \u00c9 claro que tem outros partidos, o PV, que estamos conversando, mas a estrutura fundamental est\u00e1 pronta.<\/p>\n<p><strong>Como \u00e9 que est\u00e1 a batalha pela camisa que est\u00e1 faltando, a de vice de Rui Costa?<\/strong><br \/>\nN\u00e3o tem nenhuma sa\u00edda m\u00e1gica, vai ser conversa e convencimento, at\u00e9 que a gente chegue a um nome. N\u00e3o s\u00f3 tem o PP e o PDT na alian\u00e7a, mesmo eles sendo os dois maiores. Todo mundo quer mais, \u00e9 da vida.<\/p>\n<p><strong>Em rela\u00e7\u00e3o a Rui Costa, que tem um estilo considerado mais duro que o seu, o senhor est\u00e1 dando umas aulas de molejo verbal para ele?<\/strong><br \/>\nTenho meu estilo, que as pessoas gostam, ele tem o dele. E ele ter\u00e1 que se fazer gostado tamb\u00e9m. Mas falei que ele n\u00e3o precisa ser meu advogado na campanha. Sei me defender, n\u00e3o o quero para isso.\u00a0 E vamos ser justos. Rui foi meu articulador pol\u00edtico no primeiro mandato. N\u00e3o me parece que foi mal. Costurou maioria de prefeitos, se colocou como candidato a deputado federal, teve 210 mil votos, foi o mais votado da nossa coliga\u00e7\u00e3o. Perdeu apenas para Neto e L\u00facio (Vieira Lima, do PMDB). Um cara que tem essa vota\u00e7\u00e3o tamb\u00e9m n\u00e3o parece que \u00e9 ruim de urna. Foi vereador de Salvador, o mais votado da nossa coliga\u00e7\u00e3o. N\u00e3o d\u00e1 para dizer que estamos inventando algu\u00e9m.<\/p>\n<p><strong>E depois que deixar o governo, vai mesmo para um minist\u00e9rio?<\/strong><br \/>\nN\u00e3o sou de ficar ruminando sobre o que vou fazer em 2015. Minha cabe\u00e7a est\u00e1 focada em 2014, em eleger Dilma, Rui e Otto. Terminando a elei\u00e7\u00e3o, vamos avaliar como est\u00e1 o quadro. N\u00e3o h\u00e1 nenhuma combina\u00e7\u00e3o com a presidenta. \u00c9 uma possibilidade, mas n\u00e3o tem nada acertado.<\/p>\n<p><strong>A primeira-dama est\u00e1 mais contente com a proximidade do fim de seu governo?<\/strong><br \/>\nMulher, filhos, netos, a fam\u00edlia \u00e9 sempre quem paga o pre\u00e7o maior, quem sofre mais. Afinal, voc\u00ea chega com a cabe\u00e7a cheia de pepinos. Se ouve algu\u00e9m fazer uma cr\u00edtica mais dura, sente muito. Mas a pol\u00edtica \u00e9 dom, \u00e9 paix\u00e3o.<\/p>\n<p><strong>O senhor est\u00e1 com uma fitinha nova do Bonfim. J\u00e1 fez os tr\u00eas pedidos?<\/strong><br \/>\nJ\u00e1, mas nunca s\u00e3o pedidos\u00a0 materiais. \u00c9 o de sempre: sa\u00fade e paz para a fam\u00edlia, para a Bahia e o Brasil, prosperidade, que a gente tenha um ano melhor e, \u00f3bvio, que a gente tenha um resultado positivo em outubro (risos).<\/p>\n","protected":false},"excerpt":{"rendered":"<p>Faltou dinheiro e chuva para que Jaques Wagner terminasse 2013 com sorrisos. A seca e o d\u00e9ficit no caixa transformaram-se no peso maior do pen\u00faltimo ano do governador \u00e0 frente do estado. Por outro lado, em 2014, Wagner diz que deseja sorrir com o desenvolvimento das obras de mobilidade na capital e com o Porto [&hellip;]<\/p>\n","protected":false},"author":2,"featured_media":0,"comment_status":"open","ping_status":"open","sticky":false,"template":"","format":"standard","meta":{"footnotes":"","_links_to":"","_links_to_target":""},"categories":[1],"tags":[],"class_list":["post-33462","post","type-post","status-publish","format-standard","hentry","category-geral"],"views":1201,"_links":{"self":[{"href":"https:\/\/www.sudoestehoje.com.br\/novoportal\/wp-json\/wp\/v2\/posts\/33462","targetHints":{"allow":["GET"]}}],"collection":[{"href":"https:\/\/www.sudoestehoje.com.br\/novoportal\/wp-json\/wp\/v2\/posts"}],"about":[{"href":"https:\/\/www.sudoestehoje.com.br\/novoportal\/wp-json\/wp\/v2\/types\/post"}],"author":[{"embeddable":true,"href":"https:\/\/www.sudoestehoje.com.br\/novoportal\/wp-json\/wp\/v2\/users\/2"}],"replies":[{"embeddable":true,"href":"https:\/\/www.sudoestehoje.com.br\/novoportal\/wp-json\/wp\/v2\/comments?post=33462"}],"version-history":[{"count":3,"href":"https:\/\/www.sudoestehoje.com.br\/novoportal\/wp-json\/wp\/v2\/posts\/33462\/revisions"}],"predecessor-version":[{"id":33483,"href":"https:\/\/www.sudoestehoje.com.br\/novoportal\/wp-json\/wp\/v2\/posts\/33462\/revisions\/33483"}],"wp:attachment":[{"href":"https:\/\/www.sudoestehoje.com.br\/novoportal\/wp-json\/wp\/v2\/media?parent=33462"}],"wp:term":[{"taxonomy":"category","embeddable":true,"href":"https:\/\/www.sudoestehoje.com.br\/novoportal\/wp-json\/wp\/v2\/categories?post=33462"},{"taxonomy":"post_tag","embeddable":true,"href":"https:\/\/www.sudoestehoje.com.br\/novoportal\/wp-json\/wp\/v2\/tags?post=33462"}],"curies":[{"name":"wp","href":"https:\/\/api.w.org\/{rel}","templated":true}]}}