
{"id":33458,"date":"2013-12-28T16:05:55","date_gmt":"2013-12-28T19:05:55","guid":{"rendered":"http:\/\/www.sudoestehoje.com.br\/novoportal\/?p=33458"},"modified":"2013-12-28T16:05:55","modified_gmt":"2013-12-28T19:05:55","slug":"mensagem-do-vereador-alfredo-cabral","status":"publish","type":"post","link":"https:\/\/www.sudoestehoje.com.br\/novoportal\/2013\/12\/28\/mensagem-do-vereador-alfredo-cabral\/","title":{"rendered":"MENSAGEM DO VEREADOR ALFREDO CABRAL"},"content":{"rendered":"<p><a href=\"http:\/\/www.sudoestehoje.com.br\/novoportal\/wp-content\/uploads\/2013\/12\/ALFREDO-CABRAL-2.jpg\"><img loading=\"lazy\" decoding=\"async\" class=\"aligncenter size-medium wp-image-33460\" alt=\"ALFREDO CABRAL 2\" src=\"http:\/\/www.sudoestehoje.com.br\/novoportal\/wp-content\/uploads\/2013\/12\/ALFREDO-CABRAL-2-366x500.jpg\" width=\"366\" height=\"500\" srcset=\"https:\/\/www.sudoestehoje.com.br\/novoportal\/wp-content\/uploads\/2013\/12\/ALFREDO-CABRAL-2-366x500.jpg 366w, https:\/\/www.sudoestehoje.com.br\/novoportal\/wp-content\/uploads\/2013\/12\/ALFREDO-CABRAL-2-513x700.jpg 513w, https:\/\/www.sudoestehoje.com.br\/novoportal\/wp-content\/uploads\/2013\/12\/ALFREDO-CABRAL-2.jpg 704w\" sizes=\"auto, (max-width: 366px) 100vw, 366px\" \/><\/a><\/p>\n<p>Chega o fim de mais um ano, e com ele a certeza que tenho exercido de forma digna e eficiente o mandato de Vereador, lutando e trabalhando incansavelmente em beneficio da popula\u00e7\u00e3o Itapetinguense, dessa maneira alcan\u00e7amos\u00a0\u00eaxitos e realiza\u00e7\u00f5es.<\/p>\n<p>N\u00e3o tenho intuito de me promover com uso de publicidade, sou convicto que apesar dos in\u00fameros esfor\u00e7os e benfeitorias realizadas, ainda h\u00e1 muito a ser feito, pois entendo que voc\u00ea deve contribuir, sem necessidade de exposi\u00e7\u00e3o, &#8220;fazer o bem sem olhar a quem&#8221;, e \u00e9 nesse ritmo que para o pr\u00f3ximo ano quero desejar a popula\u00e7\u00e3o:<\/p>\n<p>Que as lagrimas derramadas neste ano, sirvam para regar aquela semente da esperan\u00e7a e da bondade. Que a semente da bondade gere generosidade. Que o pr\u00f3ximo ano seja cheio de paz e harmonia, sa\u00fade e prosperidade.<\/p>\n<p>Que o amor, a paz e a felicidade fa\u00e7am parte da vida de todos.<\/p>\n<p>S\u00e3o os votos do VEREADOR ALFREDO CABRAL DE ASSIS.<\/p>\n<p>BOAS FESTAS!<\/p>\n","protected":false},"excerpt":{"rendered":"<p>Chega o fim de mais um ano, e com ele a certeza que tenho exercido de forma digna e eficiente o mandato de Vereador, lutando e trabalhando incansavelmente em beneficio da popula\u00e7\u00e3o Itapetinguense, dessa maneira alcan\u00e7amos\u00a0\u00eaxitos e realiza\u00e7\u00f5es. N\u00e3o tenho intuito de me promover com uso de publicidade, sou convicto que apesar dos in\u00fameros esfor\u00e7os [&hellip;]<\/p>\n","protected":false},"author":2,"featured_media":0,"comment_status":"open","ping_status":"open","sticky":false,"template":"","format":"standard","meta":{"footnotes":"","_links_to":"","_links_to_target":""},"categories":[1],"tags":[],"class_list":["post-33458","post","type-post","status-publish","format-standard","hentry","category-geral"],"views":1225,"_links":{"self":[{"href":"https:\/\/www.sudoestehoje.com.br\/novoportal\/wp-json\/wp\/v2\/posts\/33458","targetHints":{"allow":["GET"]}}],"collection":[{"href":"https:\/\/www.sudoestehoje.com.br\/novoportal\/wp-json\/wp\/v2\/posts"}],"about":[{"href":"https:\/\/www.sudoestehoje.com.br\/novoportal\/wp-json\/wp\/v2\/types\/post"}],"author":[{"embeddable":true,"href":"https:\/\/www.sudoestehoje.com.br\/novoportal\/wp-json\/wp\/v2\/users\/2"}],"replies":[{"embeddable":true,"href":"https:\/\/www.sudoestehoje.com.br\/novoportal\/wp-json\/wp\/v2\/comments?post=33458"}],"version-history":[{"count":2,"href":"https:\/\/www.sudoestehoje.com.br\/novoportal\/wp-json\/wp\/v2\/posts\/33458\/revisions"}],"predecessor-version":[{"id":33461,"href":"https:\/\/www.sudoestehoje.com.br\/novoportal\/wp-json\/wp\/v2\/posts\/33458\/revisions\/33461"}],"wp:attachment":[{"href":"https:\/\/www.sudoestehoje.com.br\/novoportal\/wp-json\/wp\/v2\/media?parent=33458"}],"wp:term":[{"taxonomy":"category","embeddable":true,"href":"https:\/\/www.sudoestehoje.com.br\/novoportal\/wp-json\/wp\/v2\/categories?post=33458"},{"taxonomy":"post_tag","embeddable":true,"href":"https:\/\/www.sudoestehoje.com.br\/novoportal\/wp-json\/wp\/v2\/tags?post=33458"}],"curies":[{"name":"wp","href":"https:\/\/api.w.org\/{rel}","templated":true}]}}