
{"id":33448,"date":"2013-12-27T08:11:55","date_gmt":"2013-12-27T11:11:55","guid":{"rendered":"http:\/\/www.sudoestehoje.com.br\/novoportal\/?p=33448"},"modified":"2013-12-30T21:08:16","modified_gmt":"2013-12-31T00:08:16","slug":"fabrica-de-confeccoes-em-bandeira-so-a-partir-de-julho-e-olha-la","status":"publish","type":"post","link":"https:\/\/www.sudoestehoje.com.br\/novoportal\/2013\/12\/27\/fabrica-de-confeccoes-em-bandeira-so-a-partir-de-julho-e-olha-la\/","title":{"rendered":"F\u00c1BRICA DE CONFEC\u00c7\u00d5ES EM BANDEIRA S\u00d3 A PARTIR DE JULHO, E OLHA L\u00c1&#8230;"},"content":{"rendered":"<p>&nbsp;<\/p>\n<div id=\"attachment_33450\" style=\"width: 510px\" class=\"wp-caption aligncenter\"><a href=\"http:\/\/www.sudoestehoje.com.br\/novoportal\/wp-content\/uploads\/2013\/12\/GEDC0260.jpg\"><img loading=\"lazy\" decoding=\"async\" aria-describedby=\"caption-attachment-33450\" class=\"size-medium wp-image-33450\" alt=\"Protocolo\" src=\"http:\/\/www.sudoestehoje.com.br\/novoportal\/wp-content\/uploads\/2013\/12\/GEDC0260-500x281.jpg\" width=\"500\" height=\"281\" srcset=\"https:\/\/www.sudoestehoje.com.br\/novoportal\/wp-content\/uploads\/2013\/12\/GEDC0260-500x281.jpg 500w, https:\/\/www.sudoestehoje.com.br\/novoportal\/wp-content\/uploads\/2013\/12\/GEDC0260-700x393.jpg 700w, https:\/\/www.sudoestehoje.com.br\/novoportal\/wp-content\/uploads\/2013\/12\/GEDC0260.jpg 1920w\" sizes=\"auto, (max-width: 500px) 100vw, 500px\" \/><\/a><p id=\"caption-attachment-33450\" class=\"wp-caption-text\">Protocolo para implanta\u00e7\u00e3o da Bozzi foi assinado no in\u00edcio de julho e at\u00e9 hoje a prometida f\u00e1brica, com 200 empregos, n\u00e3o saiu do papel. Falta de interesse ou mera jogada eleitoral? Foto Sudoeste Hoje<\/p><\/div>\n<p>No dia 09 de julho de 2013, em Itoror\u00f3, o governador Jaques Wagner e o secret\u00e1rio da Ind\u00fastria, Com\u00e9rcio e Minera\u00e7\u00e3o, James Correia, assinaram protocolo de instala\u00e7\u00e3o das ind\u00fastrias de cal\u00e7ados Irm\u00e3os Soares, marca Lia Line, em Itoror\u00f3, W.Bozzi, de confec\u00e7\u00f5es, em Itapetinga (Bandeira do Col\u00f4nia) e Mastic, de artefatos pl\u00e1sticos, em Firmino Alves.<\/p>\n<p>Passados quase seis meses da assinatura dos protocolos, apenas a Lia Line, em Itoror\u00f3, entrou em funcionamento, devido ao empenho do prefeito Marco Brito, que desde o in\u00edcio do\u00a0seu mandato focou na reabertura da antiga f\u00e1brica fechada pela Azal\u00e9ia, e em sete meses alcan\u00e7ou esse objetivo, enquanto as outras duas, a Bozzi (Ella) de Bandeira do Col\u00f4nia (Itapetinga) e a Mastic, de Firmino Alves, n\u00e3o sa\u00edram do papel.<!--more--><\/p>\n<p>Em contato com prepostos da Bozzi, o editor do Sudoeste Hoje obteve as seguintes informa\u00e7\u00f5es: a f\u00e1brica de confec\u00e7\u00f5es femininas dever\u00e1 se instalar no distrito de Bandeira, provavelmente no final de junho de 2014. Indagados sobre o motivo da demora, os representantes da ind\u00fastria informaram que v\u00eam enfrentando dificuldades burocr\u00e1ticas para conseguir a documenta\u00e7\u00e3o necess\u00e1ria para abertura da ind\u00fastria, mas que a partir de fevereiro ou mar\u00e7o o galp\u00e3o de Bandeira do Col\u00f4nia ser\u00e1 ocupado e o processo de sele\u00e7\u00e3o e treinamento de pessoal ter\u00e1 in\u00edcio.<\/p>\n<p>Pelo que pudemos notar, os empres\u00e1rios n\u00e3o v\u00eam contando com o apoio efetivo da prefeitura de Itapetinga, nem do governo do estado, que continuam mantendo barreiras burocr\u00e1ticas que impedem a agilidade do processo.<\/p>\n<p>Em Itoror\u00f3, a Lia Line contou com a determina\u00e7\u00e3o do prefeito Marco Brito e do deputado Sergio Brito, que n\u00e3o sossegaram enquanto a f\u00e1brica de cal\u00e7ados n\u00e3o come\u00e7ou a operar. Hoje a cidade j\u00e1 colhe os resultados, atrav\u00e9s dos empregos que foram gerados pela nova ind\u00fastria.<\/p>\n<p>Em Itapetinga, os empres\u00e1rios t\u00eam que se virar sozinhos, para que os espertos &#8216;pais da crian\u00e7a&#8217; cortem a fita de inaugura\u00e7\u00e3o, na boca das elei\u00e7\u00f5es, \u00e0 cata de votos.<\/p>\n<p>H\u00e1, no meio empresarial, quem duvide que a implanta\u00e7\u00e3o dessa ind\u00fastria em Bandeira do Col\u00f4nia se viabilize&#8230;<\/p>\n<p><strong><em>Por Davi Ferraz\u00a0<\/em><\/strong><\/p>\n","protected":false},"excerpt":{"rendered":"<p>&nbsp; No dia 09 de julho de 2013, em Itoror\u00f3, o governador Jaques Wagner e o secret\u00e1rio da Ind\u00fastria, Com\u00e9rcio e Minera\u00e7\u00e3o, James Correia, assinaram protocolo de instala\u00e7\u00e3o das ind\u00fastrias de cal\u00e7ados Irm\u00e3os Soares, marca Lia Line, em Itoror\u00f3, W.Bozzi, de confec\u00e7\u00f5es, em Itapetinga (Bandeira do Col\u00f4nia) e Mastic, de artefatos pl\u00e1sticos, em Firmino Alves. [&hellip;]<\/p>\n","protected":false},"author":2,"featured_media":0,"comment_status":"open","ping_status":"open","sticky":false,"template":"","format":"standard","meta":{"footnotes":"","_links_to":"","_links_to_target":""},"categories":[1],"tags":[],"class_list":["post-33448","post","type-post","status-publish","format-standard","hentry","category-geral"],"views":1812,"_links":{"self":[{"href":"https:\/\/www.sudoestehoje.com.br\/novoportal\/wp-json\/wp\/v2\/posts\/33448","targetHints":{"allow":["GET"]}}],"collection":[{"href":"https:\/\/www.sudoestehoje.com.br\/novoportal\/wp-json\/wp\/v2\/posts"}],"about":[{"href":"https:\/\/www.sudoestehoje.com.br\/novoportal\/wp-json\/wp\/v2\/types\/post"}],"author":[{"embeddable":true,"href":"https:\/\/www.sudoestehoje.com.br\/novoportal\/wp-json\/wp\/v2\/users\/2"}],"replies":[{"embeddable":true,"href":"https:\/\/www.sudoestehoje.com.br\/novoportal\/wp-json\/wp\/v2\/comments?post=33448"}],"version-history":[{"count":6,"href":"https:\/\/www.sudoestehoje.com.br\/novoportal\/wp-json\/wp\/v2\/posts\/33448\/revisions"}],"predecessor-version":[{"id":33531,"href":"https:\/\/www.sudoestehoje.com.br\/novoportal\/wp-json\/wp\/v2\/posts\/33448\/revisions\/33531"}],"wp:attachment":[{"href":"https:\/\/www.sudoestehoje.com.br\/novoportal\/wp-json\/wp\/v2\/media?parent=33448"}],"wp:term":[{"taxonomy":"category","embeddable":true,"href":"https:\/\/www.sudoestehoje.com.br\/novoportal\/wp-json\/wp\/v2\/categories?post=33448"},{"taxonomy":"post_tag","embeddable":true,"href":"https:\/\/www.sudoestehoje.com.br\/novoportal\/wp-json\/wp\/v2\/tags?post=33448"}],"curies":[{"name":"wp","href":"https:\/\/api.w.org\/{rel}","templated":true}]}}