
{"id":33440,"date":"2013-12-26T21:10:18","date_gmt":"2013-12-27T00:10:18","guid":{"rendered":"http:\/\/www.sudoestehoje.com.br\/novoportal\/?p=33440"},"modified":"2013-12-26T23:29:31","modified_gmt":"2013-12-27T02:29:31","slug":"pelo-twitter-geddel-cobra-de-dilma-sua-exoneracao-da-caixa","status":"publish","type":"post","link":"https:\/\/www.sudoestehoje.com.br\/novoportal\/2013\/12\/26\/pelo-twitter-geddel-cobra-de-dilma-sua-exoneracao-da-caixa\/","title":{"rendered":"PELO TWITTER, GEDDEL COBRA DE DILMA SUA EXONERA\u00c7\u00c3O DA CAIXA"},"content":{"rendered":"<p><a href=\"http:\/\/www.sudoestehoje.com.br\/novoportal\/wp-content\/uploads\/2013\/12\/Dilma-e-Geddel.jpg\"><img loading=\"lazy\" decoding=\"async\" class=\"aligncenter size-full wp-image-33442\" alt=\"Dilma-e-Geddel\" src=\"http:\/\/www.sudoestehoje.com.br\/novoportal\/wp-content\/uploads\/2013\/12\/Dilma-e-Geddel.jpg\" width=\"461\" height=\"346\" \/><\/a><\/p>\n<p>O ex-deputado federal e pr\u00e9-candidato ao governo baiano Geddel Vieira Lima usou a sua conta no microblog Twitter para cobrar a sua exonera\u00e7\u00e3o do cargo de vice-presidente Pessoa Jur\u00eddica da Caixa Econ\u00f4mica Federal.<\/p>\n<p>Geddel assumiu o cargo em mar\u00e7o de 2011, mas h\u00e1 quase um ano entrou em rota de colis\u00e3o com a presidente Dilma Rousseff e faz oposi\u00e7\u00e3o ao governo petista na Bahia.<\/p>\n<p><a href=\"http:\/\/www.sudoestehoje.com.br\/novoportal\/wp-content\/uploads\/2013\/12\/twitter-geddel.jpg\"><img loading=\"lazy\" decoding=\"async\" class=\"aligncenter size-medium wp-image-33445\" alt=\"twitter geddel\" src=\"http:\/\/www.sudoestehoje.com.br\/novoportal\/wp-content\/uploads\/2013\/12\/twitter-geddel-500x194.jpg\" width=\"500\" height=\"194\" srcset=\"https:\/\/www.sudoestehoje.com.br\/novoportal\/wp-content\/uploads\/2013\/12\/twitter-geddel-500x194.jpg 500w, https:\/\/www.sudoestehoje.com.br\/novoportal\/wp-content\/uploads\/2013\/12\/twitter-geddel.jpg 518w\" sizes=\"auto, (max-width: 500px) 100vw, 500px\" \/><\/a><\/p>\n<p>No Twitter, Geddel publicou: \u201cCara Presidenta Dilma, por gentileza, determine publica\u00e7\u00e3o minha exonera\u00e7\u00e3o\u201d. Segundo ele, o pedido de exonera\u00e7\u00e3o do cargo na Caixa foi apresentado em setembro.<\/p>\n<p>O peemedebista n\u00e3o explicita, no microblog, se est\u00e1 recebendo sal\u00e1rio sem trabalhar. Geddel \u00e9 um dos nomes da oposi\u00e7\u00e3o na disputa ao Pal\u00e1cio de Ondina em 2014. Outros pr\u00e9-candidatos s\u00e3o o ex-governador Paulo Souto (DEM), Jo\u00e3o Gualberto (PSDB), ex-prefeito de Mata de S\u00e3o Jo\u00e3o, e a senadora L\u00eddice da Mata (PSB). O nome mais forte \u00e9 o de Souto. O governo escolheu Rui Costa, secret\u00e1rio da Casa Civil, para a sucess\u00e3o de Jaques Wagner. Do Pimenta<\/p>\n","protected":false},"excerpt":{"rendered":"<p>O ex-deputado federal e pr\u00e9-candidato ao governo baiano Geddel Vieira Lima usou a sua conta no microblog Twitter para cobrar a sua exonera\u00e7\u00e3o do cargo de vice-presidente Pessoa Jur\u00eddica da Caixa Econ\u00f4mica Federal. Geddel assumiu o cargo em mar\u00e7o de 2011, mas h\u00e1 quase um ano entrou em rota de colis\u00e3o com a presidente Dilma [&hellip;]<\/p>\n","protected":false},"author":2,"featured_media":0,"comment_status":"open","ping_status":"open","sticky":false,"template":"","format":"standard","meta":{"footnotes":"","_links_to":"","_links_to_target":""},"categories":[1],"tags":[],"class_list":["post-33440","post","type-post","status-publish","format-standard","hentry","category-geral"],"views":1255,"_links":{"self":[{"href":"https:\/\/www.sudoestehoje.com.br\/novoportal\/wp-json\/wp\/v2\/posts\/33440","targetHints":{"allow":["GET"]}}],"collection":[{"href":"https:\/\/www.sudoestehoje.com.br\/novoportal\/wp-json\/wp\/v2\/posts"}],"about":[{"href":"https:\/\/www.sudoestehoje.com.br\/novoportal\/wp-json\/wp\/v2\/types\/post"}],"author":[{"embeddable":true,"href":"https:\/\/www.sudoestehoje.com.br\/novoportal\/wp-json\/wp\/v2\/users\/2"}],"replies":[{"embeddable":true,"href":"https:\/\/www.sudoestehoje.com.br\/novoportal\/wp-json\/wp\/v2\/comments?post=33440"}],"version-history":[{"count":4,"href":"https:\/\/www.sudoestehoje.com.br\/novoportal\/wp-json\/wp\/v2\/posts\/33440\/revisions"}],"predecessor-version":[{"id":33447,"href":"https:\/\/www.sudoestehoje.com.br\/novoportal\/wp-json\/wp\/v2\/posts\/33440\/revisions\/33447"}],"wp:attachment":[{"href":"https:\/\/www.sudoestehoje.com.br\/novoportal\/wp-json\/wp\/v2\/media?parent=33440"}],"wp:term":[{"taxonomy":"category","embeddable":true,"href":"https:\/\/www.sudoestehoje.com.br\/novoportal\/wp-json\/wp\/v2\/categories?post=33440"},{"taxonomy":"post_tag","embeddable":true,"href":"https:\/\/www.sudoestehoje.com.br\/novoportal\/wp-json\/wp\/v2\/tags?post=33440"}],"curies":[{"name":"wp","href":"https:\/\/api.w.org\/{rel}","templated":true}]}}