
{"id":33423,"date":"2013-12-26T09:56:00","date_gmt":"2013-12-26T12:56:00","guid":{"rendered":"http:\/\/www.sudoestehoje.com.br\/novoportal\/?p=33423"},"modified":"2013-12-26T13:32:04","modified_gmt":"2013-12-26T16:32:04","slug":"buracao-na-augusto-d-carvalho","status":"publish","type":"post","link":"https:\/\/www.sudoestehoje.com.br\/novoportal\/2013\/12\/26\/buracao-na-augusto-d-carvalho\/","title":{"rendered":"BURAC\u00c3O NA AUGUSTO DE CARVALHO"},"content":{"rendered":"<div id=\"attachment_33424\" style=\"width: 510px\" class=\"wp-caption aligncenter\"><a href=\"http:\/\/www.sudoestehoje.com.br\/novoportal\/wp-content\/uploads\/2013\/12\/IMG00010.jpg\"><img loading=\"lazy\" decoding=\"async\" aria-describedby=\"caption-attachment-33424\" class=\"size-medium wp-image-33424\" alt=\"COM\" src=\"http:\/\/www.sudoestehoje.com.br\/novoportal\/wp-content\/uploads\/2013\/12\/IMG00010-500x375.jpg\" width=\"500\" height=\"375\" srcset=\"https:\/\/www.sudoestehoje.com.br\/novoportal\/wp-content\/uploads\/2013\/12\/IMG00010-500x375.jpg 500w, https:\/\/www.sudoestehoje.com.br\/novoportal\/wp-content\/uploads\/2013\/12\/IMG00010-700x525.jpg 700w, https:\/\/www.sudoestehoje.com.br\/novoportal\/wp-content\/uploads\/2013\/12\/IMG00010.jpg 2048w\" sizes=\"auto, (max-width: 500px) 100vw, 500px\" \/><\/a><p id=\"caption-attachment-33424\" class=\"wp-caption-text\">COM AS CHUVAS QUE CA\u00cdRAM NOS \u00daLTIMOS DIAS, UMA CRATERA EST\u00c1 SE FORMANDO NA PRA\u00c7A AUGUSTO DE CARVALHO, ENTRE O PR\u00c9DIO DO ITA\u00da E UM ESTACIONAMENTO PARTICULAR. O BURACO, QUE POR FORA PARECE PEQUENO, \u00c9 UMA ENORME CRATERA, E PODE AUMENTAR, SE AS CHUVAS RETORNAREM. \u00c9 PRECISO QUE A PREFEITURA AJA R\u00c1PIDO, PARA QUE N\u00c3O AUMENTEM O PREJU\u00cdZO E OS TRANSTORNOS. O FERIADO ACABOU, T\u00c1 NA HORA DE TRABALHAR!<\/p><\/div>\n","protected":false},"excerpt":{"rendered":"","protected":false},"author":2,"featured_media":0,"comment_status":"open","ping_status":"open","sticky":false,"template":"","format":"standard","meta":{"footnotes":"","_links_to":"","_links_to_target":""},"categories":[1],"tags":[],"class_list":["post-33423","post","type-post","status-publish","format-standard","hentry","category-geral"],"views":1239,"_links":{"self":[{"href":"https:\/\/www.sudoestehoje.com.br\/novoportal\/wp-json\/wp\/v2\/posts\/33423","targetHints":{"allow":["GET"]}}],"collection":[{"href":"https:\/\/www.sudoestehoje.com.br\/novoportal\/wp-json\/wp\/v2\/posts"}],"about":[{"href":"https:\/\/www.sudoestehoje.com.br\/novoportal\/wp-json\/wp\/v2\/types\/post"}],"author":[{"embeddable":true,"href":"https:\/\/www.sudoestehoje.com.br\/novoportal\/wp-json\/wp\/v2\/users\/2"}],"replies":[{"embeddable":true,"href":"https:\/\/www.sudoestehoje.com.br\/novoportal\/wp-json\/wp\/v2\/comments?post=33423"}],"version-history":[{"count":6,"href":"https:\/\/www.sudoestehoje.com.br\/novoportal\/wp-json\/wp\/v2\/posts\/33423\/revisions"}],"predecessor-version":[{"id":33431,"href":"https:\/\/www.sudoestehoje.com.br\/novoportal\/wp-json\/wp\/v2\/posts\/33423\/revisions\/33431"}],"wp:attachment":[{"href":"https:\/\/www.sudoestehoje.com.br\/novoportal\/wp-json\/wp\/v2\/media?parent=33423"}],"wp:term":[{"taxonomy":"category","embeddable":true,"href":"https:\/\/www.sudoestehoje.com.br\/novoportal\/wp-json\/wp\/v2\/categories?post=33423"},{"taxonomy":"post_tag","embeddable":true,"href":"https:\/\/www.sudoestehoje.com.br\/novoportal\/wp-json\/wp\/v2\/tags?post=33423"}],"curies":[{"name":"wp","href":"https:\/\/api.w.org\/{rel}","templated":true}]}}