
{"id":33407,"date":"2013-12-25T23:19:17","date_gmt":"2013-12-26T02:19:17","guid":{"rendered":"http:\/\/www.sudoestehoje.com.br\/novoportal\/?p=33407"},"modified":"2013-12-26T13:40:45","modified_gmt":"2013-12-26T16:40:45","slug":"vice-de-lidice-pode-sair-do-pv","status":"publish","type":"post","link":"https:\/\/www.sudoestehoje.com.br\/novoportal\/2013\/12\/25\/vice-de-lidice-pode-sair-do-pv\/","title":{"rendered":"VICE DE L\u00cdDICE PODE SAIR DO PV"},"content":{"rendered":"<article>\n<p style=\"text-align: center;\"><a href=\"http:\/\/www.sudoestehoje.com.br\/novoportal\/wp-content\/uploads\/2013\/12\/LIDICE.jpg\"><img decoding=\"async\" class=\"aligncenter  wp-image-33408\" alt=\"LIDICE\" src=\"http:\/\/www.sudoestehoje.com.br\/novoportal\/wp-content\/uploads\/2013\/12\/LIDICE.jpg\" width=\"500\" \/><\/a><\/p>\n<p>Apesar de ter a vice-prefeitura de ACM Neto, do DEM, na pessoa de C\u00e9lia Sacramento, o Partido Verde (PV) pode compor chapa majorit\u00e1ria da senadora L\u00eddice da Mata, do PSB, na disputa pela sucess\u00e3o de Jaques Wagner; entre os cotados, estariam a pr\u00f3pria vice-prefeita e o ex-deputado Edson Duarte;\u00a0&#8220;H\u00e1 conversas com Edson e com o presidente estadual Alan Lacerda e outras lideran\u00e7as que est\u00e3o muito positivas. Estamos estudando o assunto, pois temos diversos pontos em comum ao longo das milit\u00e2ncias&#8221;, afirma L\u00eddice<\/p>\n<p>&nbsp;<\/p>\n<p style=\"text-align: center;\"><img decoding=\"async\" class=\"aligncenter\" alt=\"\" src=\"https:\/\/fbcdn-sphotos-a-a.akamaihd.net\/hphotos-ak-prn1\/1525651_772339329446164_1432320594_n.jpg\" width=\"540\" \/><\/p>\n<p>&nbsp;<\/p>\n<\/article>\n","protected":false},"excerpt":{"rendered":"<p>Apesar de ter a vice-prefeitura de ACM Neto, do DEM, na pessoa de C\u00e9lia Sacramento, o Partido Verde (PV) pode compor chapa majorit\u00e1ria da senadora L\u00eddice da Mata, do PSB, na disputa pela sucess\u00e3o de Jaques Wagner; entre os cotados, estariam a pr\u00f3pria vice-prefeita e o ex-deputado Edson Duarte;\u00a0&#8220;H\u00e1 conversas com Edson e com o [&hellip;]<\/p>\n","protected":false},"author":2,"featured_media":0,"comment_status":"open","ping_status":"open","sticky":false,"template":"","format":"standard","meta":{"footnotes":"","_links_to":"","_links_to_target":""},"categories":[1],"tags":[],"class_list":["post-33407","post","type-post","status-publish","format-standard","hentry","category-geral"],"views":1147,"_links":{"self":[{"href":"https:\/\/www.sudoestehoje.com.br\/novoportal\/wp-json\/wp\/v2\/posts\/33407","targetHints":{"allow":["GET"]}}],"collection":[{"href":"https:\/\/www.sudoestehoje.com.br\/novoportal\/wp-json\/wp\/v2\/posts"}],"about":[{"href":"https:\/\/www.sudoestehoje.com.br\/novoportal\/wp-json\/wp\/v2\/types\/post"}],"author":[{"embeddable":true,"href":"https:\/\/www.sudoestehoje.com.br\/novoportal\/wp-json\/wp\/v2\/users\/2"}],"replies":[{"embeddable":true,"href":"https:\/\/www.sudoestehoje.com.br\/novoportal\/wp-json\/wp\/v2\/comments?post=33407"}],"version-history":[{"count":3,"href":"https:\/\/www.sudoestehoje.com.br\/novoportal\/wp-json\/wp\/v2\/posts\/33407\/revisions"}],"predecessor-version":[{"id":33433,"href":"https:\/\/www.sudoestehoje.com.br\/novoportal\/wp-json\/wp\/v2\/posts\/33407\/revisions\/33433"}],"wp:attachment":[{"href":"https:\/\/www.sudoestehoje.com.br\/novoportal\/wp-json\/wp\/v2\/media?parent=33407"}],"wp:term":[{"taxonomy":"category","embeddable":true,"href":"https:\/\/www.sudoestehoje.com.br\/novoportal\/wp-json\/wp\/v2\/categories?post=33407"},{"taxonomy":"post_tag","embeddable":true,"href":"https:\/\/www.sudoestehoje.com.br\/novoportal\/wp-json\/wp\/v2\/tags?post=33407"}],"curies":[{"name":"wp","href":"https:\/\/api.w.org\/{rel}","templated":true}]}}