
{"id":334,"date":"2010-08-13T19:15:36","date_gmt":"2010-08-13T22:15:36","guid":{"rendered":"http:\/\/sudoestehoje.tempsite.ws\/novoportal\/?p=334"},"modified":"2010-09-18T14:49:14","modified_gmt":"2010-09-18T17:49:14","slug":"ministro-da-saude-alerta-sobre-os-riscos-da-dengue-tipo-4-no-brasil","status":"publish","type":"post","link":"https:\/\/www.sudoestehoje.com.br\/novoportal\/2010\/08\/13\/ministro-da-saude-alerta-sobre-os-riscos-da-dengue-tipo-4-no-brasil\/","title":{"rendered":"MINISTRO DA SA\u00daDE ALERTA SOBRE OS RISCOS DA DENGUE TIPO 4 NO BRASIL"},"content":{"rendered":"<div>\n<div style=\"text-align: center;\"><img decoding=\"async\" src=\"http:\/\/4.bp.blogspot.com\/_L3LLViIhkZA\/Sw-m0QSZsZI\/AAAAAAAAMt8\/h3HzW3adlis\/s400\/Dengue.jpg\" border=\"0\" alt=\"\" \/><\/div>\n<div style=\"text-align: center;\">Tr\u00eas casos da Dengue tipo 4 foram confirmados em Rond\u00f4nia<\/div>\n<p>O  ministro da Sa\u00fade, Jos\u00e9 Gomes Tempor\u00e3o, n\u00e3o descartou\u00a0nesta  sexta-feira\u00a0(13) a amplia\u00e7\u00e3o da circula\u00e7\u00e3o do v\u00edrus da dengue tipo 4 no  pr\u00f3ximo ver\u00e3o. Depois da confirma\u00e7\u00e3o de tr\u00eas casos da doen\u00e7a, ontem (12)  em Roraima, o ministro disse que \u201c\u00e9 preciso estar preparado\u201d para  qualquer possibilidade. \u201cA probabilidade de que o v\u00edrus possa circular  n\u00e3o \u00e9 100% segura. O v\u00edrus pode ter um comportamento inesperado e n\u00e3o se  expandir com a velocidade com a qual poderia se supor, mas ele pode,  sim, circular pelo territ\u00f3rio nacional. Existem v\u00e1rios voos diretos de  Roraima para S\u00e3o Paulo e outros estados. O que n\u00f3s temos que fazer \u00e9 nos  preparar para, no pr\u00f3ximo ver\u00e3o, termos uma redu\u00e7\u00e3o dr\u00e1stica da  presen\u00e7a do vetor.\u201d<\/p>\n<p><span style=\"text-decoration: underline;\">SEM IMUNIDADE<\/span><\/p>\n<p>Tempor\u00e3o alerta que o brasileiro n\u00e3o tem imunidade \u00e0 doen\u00e7a, que h\u00e1 28 anos n\u00e3o era identificada no pa\u00eds e deve ter  vindo da Venezuela. Segundo ele, como n\u00e3o \u00e9 poss\u00edvel impedir a  circula\u00e7\u00e3o de pessoas nas fronteiras, o trabalho ser\u00e1 de combate ao  mosquito transmissor da doen\u00e7a. &#8220;A solu\u00e7\u00e3o, j\u00e1 que n\u00e3o h\u00e1 uma vacina, \u00e9  trabalhar duro para reduzir a presen\u00e7a do vetor no pa\u00eds&#8221;. O ministro  informou que foi enviado alerta \u00e0s secretarias estaduais e municipais de  Sa\u00fade e que existe um esfor\u00e7o concentrado para impedir a circula\u00e7\u00e3o do  v\u00edrus em Roraima. &#8220;Temos que estar preparados para tudo. Para qualquer  possibilidade&#8221;, acrescentou em entrevista \u00e0 imprensa, ap\u00f3s evento na  Funda\u00e7\u00e3o Oswaldo Cruz. &#8220;A dengue s\u00f3 existe quando a preval\u00eancia do vetor  \u00e9 m\u00e9dia ou alta. Quando \u00e9 baixa, a probabilidade de surto \u00e9 pequena&#8221;,  completou.<\/p>\n<p>Segundo informa\u00e7\u00f5es da Ag\u00eancia Brasil, os sintomas do  v\u00edrus da dengue tipo 4 s\u00e3o os mesmos das outras formas da doen\u00e7a, como  dor de cabe\u00e7a, no corpo, nas articula\u00e7\u00f5es, diarreia, v\u00f4mito e  febre.\u00a0CORREIO<\/p>\n<\/div>\n","protected":false},"excerpt":{"rendered":"<p>Tr\u00eas casos da Dengue tipo 4 foram confirmados em Rond\u00f4nia O ministro da Sa\u00fade, Jos\u00e9 Gomes Tempor\u00e3o, n\u00e3o descartou\u00a0nesta sexta-feira\u00a0(13) a amplia\u00e7\u00e3o da circula\u00e7\u00e3o do v\u00edrus da dengue tipo 4 no pr\u00f3ximo ver\u00e3o. Depois da confirma\u00e7\u00e3o de tr\u00eas casos da doen\u00e7a, ontem (12) em Roraima, o ministro disse que \u201c\u00e9 preciso estar preparado\u201d para qualquer [&hellip;]<\/p>\n","protected":false},"author":1,"featured_media":0,"comment_status":"open","ping_status":"open","sticky":false,"template":"","format":"standard","meta":{"footnotes":"","_links_to":"","_links_to_target":""},"categories":[1],"tags":[],"class_list":["post-334","post","type-post","status-publish","format-standard","hentry","category-geral"],"views":1277,"_links":{"self":[{"href":"https:\/\/www.sudoestehoje.com.br\/novoportal\/wp-json\/wp\/v2\/posts\/334","targetHints":{"allow":["GET"]}}],"collection":[{"href":"https:\/\/www.sudoestehoje.com.br\/novoportal\/wp-json\/wp\/v2\/posts"}],"about":[{"href":"https:\/\/www.sudoestehoje.com.br\/novoportal\/wp-json\/wp\/v2\/types\/post"}],"author":[{"embeddable":true,"href":"https:\/\/www.sudoestehoje.com.br\/novoportal\/wp-json\/wp\/v2\/users\/1"}],"replies":[{"embeddable":true,"href":"https:\/\/www.sudoestehoje.com.br\/novoportal\/wp-json\/wp\/v2\/comments?post=334"}],"version-history":[{"count":1,"href":"https:\/\/www.sudoestehoje.com.br\/novoportal\/wp-json\/wp\/v2\/posts\/334\/revisions"}],"predecessor-version":[{"id":335,"href":"https:\/\/www.sudoestehoje.com.br\/novoportal\/wp-json\/wp\/v2\/posts\/334\/revisions\/335"}],"wp:attachment":[{"href":"https:\/\/www.sudoestehoje.com.br\/novoportal\/wp-json\/wp\/v2\/media?parent=334"}],"wp:term":[{"taxonomy":"category","embeddable":true,"href":"https:\/\/www.sudoestehoje.com.br\/novoportal\/wp-json\/wp\/v2\/categories?post=334"},{"taxonomy":"post_tag","embeddable":true,"href":"https:\/\/www.sudoestehoje.com.br\/novoportal\/wp-json\/wp\/v2\/tags?post=334"}],"curies":[{"name":"wp","href":"https:\/\/api.w.org\/{rel}","templated":true}]}}