
{"id":33343,"date":"2013-12-22T18:27:01","date_gmt":"2013-12-22T21:27:01","guid":{"rendered":"http:\/\/www.sudoestehoje.com.br\/novoportal\/?p=33343"},"modified":"2013-12-22T18:27:45","modified_gmt":"2013-12-22T21:27:45","slug":"itarantim-prefeito-paulo-fernandes-paga-13o-salario-a-servidores","status":"publish","type":"post","link":"https:\/\/www.sudoestehoje.com.br\/novoportal\/2013\/12\/22\/itarantim-prefeito-paulo-fernandes-paga-13o-salario-a-servidores\/","title":{"rendered":"ITARANTIM: PREFEITO PAULO FERNANDES PAGA 13\u00ba SAL\u00c1RIO A SERVIDORES"},"content":{"rendered":"<div><img decoding=\"async\" class=\"alignleft\" alt=\"\" src=\"http:\/\/www.politicosdosuldabahia.com.br\/v1\/wp-content\/uploads\/2012\/11\/FOTO_DE_PAULO_PARA_JONIO.jpg\" width=\"280\" \/><\/div>\n<div>A prefeitura de Itarantim depositou, nesta ter\u00e7a-feira (17), o pagamento da \u00faltima parcela do 13\u00ba sal\u00e1rio, para todos os servidores concursados do munic\u00edpio.\u00a0\u201c\u00c9 com uma satisfa\u00e7\u00e3o muito grande que anunciamos o pagamento do 13\u00ba a esses servidores. Estamos atravessando uma crise financeira muito dif\u00edcil, por\u00e9m, contrariando algumas pessoas que maldosamente disseram que os funcion\u00e1rios p\u00fablicos municipais n\u00e3o iriam ter o 13\u00ba, jamais deixar\u00edamos de cumprir com nossa obriga\u00e7\u00e3o de pagar todos os direitos do funcionalismo p\u00fablico em dia\u201d, destacou o prefeito Dr Paulo. Itarantim Agora<\/div>\n<div><\/div>\n<div><\/div>\n<div><\/div>\n<div><img decoding=\"async\" class=\"aligncenter\" alt=\"\" src=\"http:\/\/4.bp.blogspot.com\/-jmcl-glXDZg\/UrX3vKCDAwI\/AAAAAAAALZo\/CQIhKuLdts0\/s640\/diegorochaa.jpg\" width=\"540\" \/><\/div>\n","protected":false},"excerpt":{"rendered":"<p>A prefeitura de Itarantim depositou, nesta ter\u00e7a-feira (17), o pagamento da \u00faltima parcela do 13\u00ba sal\u00e1rio, para todos os servidores concursados do munic\u00edpio.\u00a0\u201c\u00c9 com uma satisfa\u00e7\u00e3o muito grande que anunciamos o pagamento do 13\u00ba a esses servidores. Estamos atravessando uma crise financeira muito dif\u00edcil, por\u00e9m, contrariando algumas pessoas que maldosamente disseram que os funcion\u00e1rios p\u00fablicos [&hellip;]<\/p>\n","protected":false},"author":2,"featured_media":0,"comment_status":"open","ping_status":"open","sticky":false,"template":"","format":"standard","meta":{"footnotes":"","_links_to":"","_links_to_target":""},"categories":[1],"tags":[],"class_list":["post-33343","post","type-post","status-publish","format-standard","hentry","category-geral"],"views":1489,"_links":{"self":[{"href":"https:\/\/www.sudoestehoje.com.br\/novoportal\/wp-json\/wp\/v2\/posts\/33343","targetHints":{"allow":["GET"]}}],"collection":[{"href":"https:\/\/www.sudoestehoje.com.br\/novoportal\/wp-json\/wp\/v2\/posts"}],"about":[{"href":"https:\/\/www.sudoestehoje.com.br\/novoportal\/wp-json\/wp\/v2\/types\/post"}],"author":[{"embeddable":true,"href":"https:\/\/www.sudoestehoje.com.br\/novoportal\/wp-json\/wp\/v2\/users\/2"}],"replies":[{"embeddable":true,"href":"https:\/\/www.sudoestehoje.com.br\/novoportal\/wp-json\/wp\/v2\/comments?post=33343"}],"version-history":[{"count":3,"href":"https:\/\/www.sudoestehoje.com.br\/novoportal\/wp-json\/wp\/v2\/posts\/33343\/revisions"}],"predecessor-version":[{"id":33346,"href":"https:\/\/www.sudoestehoje.com.br\/novoportal\/wp-json\/wp\/v2\/posts\/33343\/revisions\/33346"}],"wp:attachment":[{"href":"https:\/\/www.sudoestehoje.com.br\/novoportal\/wp-json\/wp\/v2\/media?parent=33343"}],"wp:term":[{"taxonomy":"category","embeddable":true,"href":"https:\/\/www.sudoestehoje.com.br\/novoportal\/wp-json\/wp\/v2\/categories?post=33343"},{"taxonomy":"post_tag","embeddable":true,"href":"https:\/\/www.sudoestehoje.com.br\/novoportal\/wp-json\/wp\/v2\/tags?post=33343"}],"curies":[{"name":"wp","href":"https:\/\/api.w.org\/{rel}","templated":true}]}}