
{"id":33318,"date":"2013-12-21T22:54:28","date_gmt":"2013-12-22T01:54:28","guid":{"rendered":"http:\/\/www.sudoestehoje.com.br\/novoportal\/?p=33318"},"modified":"2013-12-22T00:18:29","modified_gmt":"2013-12-22T03:18:29","slug":"quatro-veiculos-caem-em-cratera-na-ba-130-e-duas-pessoas-morrem","status":"publish","type":"post","link":"https:\/\/www.sudoestehoje.com.br\/novoportal\/2013\/12\/21\/quatro-veiculos-caem-em-cratera-na-ba-130-e-duas-pessoas-morrem\/","title":{"rendered":"QUATRO VE\u00cdCULOS CAEM EM CRATERA NA BA-130 E DUAS PESSOAS MORREM"},"content":{"rendered":"<p style=\"text-align: center;\"><a href=\"http:\/\/www.sudoestehoje.com.br\/novoportal\/wp-content\/uploads\/2013\/12\/CRATERA.jpg\"><img decoding=\"async\" class=\"aligncenter  wp-image-33321\" alt=\"CRATERA\" src=\"http:\/\/www.sudoestehoje.com.br\/novoportal\/wp-content\/uploads\/2013\/12\/CRATERA.jpg\" width=\"450\" \/><\/a><\/p>\n<p>Ao menos duas pessoas morreram ap\u00f3s a ponte que liga os munic\u00edpios de Macajuba e Baixa Grande na BA-130 ceder na madrugada deste s\u00e1bado (21). Dois caminh\u00f5es, um Celta e um Strada ca\u00edram na cratera que se formou. As v\u00edtimas confirmadas eram motoristas das carretas. De acordo com a Delegacia de Macajuba, h\u00e1 suspeita que uma terceira pessoa tenha morrido.<\/p>\n<p>O Corpo de Bombeiros realiza buscas no local. Dois ocupantes do Strada conseguiram sobreviver. Tr\u00eas pessoas que estavam no Celta sa\u00edram ilesos, j\u00e1 que o carro caiu em cima do caminh\u00e3o. Segundo a pol\u00edcia, o acidente foi provocado pelas fortes chuvas que atingiram a regi\u00e3o nesta madrugada. Informa\u00e7\u00f5es do A Tarde.<\/p>\n<p>&nbsp;<\/p>\n<p><img decoding=\"async\" class=\"aligncenter\" alt=\"\" src=\"https:\/\/fbcdn-sphotos-a-a.akamaihd.net\/hphotos-ak-prn1\/1525651_772339329446164_1432320594_n.jpg\" width=\"540\" \/><\/p>\n","protected":false},"excerpt":{"rendered":"<p>Ao menos duas pessoas morreram ap\u00f3s a ponte que liga os munic\u00edpios de Macajuba e Baixa Grande na BA-130 ceder na madrugada deste s\u00e1bado (21). Dois caminh\u00f5es, um Celta e um Strada ca\u00edram na cratera que se formou. As v\u00edtimas confirmadas eram motoristas das carretas. De acordo com a Delegacia de Macajuba, h\u00e1 suspeita que [&hellip;]<\/p>\n","protected":false},"author":2,"featured_media":0,"comment_status":"open","ping_status":"open","sticky":false,"template":"","format":"standard","meta":{"footnotes":"","_links_to":"","_links_to_target":""},"categories":[1],"tags":[],"class_list":["post-33318","post","type-post","status-publish","format-standard","hentry","category-geral"],"views":1166,"_links":{"self":[{"href":"https:\/\/www.sudoestehoje.com.br\/novoportal\/wp-json\/wp\/v2\/posts\/33318","targetHints":{"allow":["GET"]}}],"collection":[{"href":"https:\/\/www.sudoestehoje.com.br\/novoportal\/wp-json\/wp\/v2\/posts"}],"about":[{"href":"https:\/\/www.sudoestehoje.com.br\/novoportal\/wp-json\/wp\/v2\/types\/post"}],"author":[{"embeddable":true,"href":"https:\/\/www.sudoestehoje.com.br\/novoportal\/wp-json\/wp\/v2\/users\/2"}],"replies":[{"embeddable":true,"href":"https:\/\/www.sudoestehoje.com.br\/novoportal\/wp-json\/wp\/v2\/comments?post=33318"}],"version-history":[{"count":6,"href":"https:\/\/www.sudoestehoje.com.br\/novoportal\/wp-json\/wp\/v2\/posts\/33318\/revisions"}],"predecessor-version":[{"id":33327,"href":"https:\/\/www.sudoestehoje.com.br\/novoportal\/wp-json\/wp\/v2\/posts\/33318\/revisions\/33327"}],"wp:attachment":[{"href":"https:\/\/www.sudoestehoje.com.br\/novoportal\/wp-json\/wp\/v2\/media?parent=33318"}],"wp:term":[{"taxonomy":"category","embeddable":true,"href":"https:\/\/www.sudoestehoje.com.br\/novoportal\/wp-json\/wp\/v2\/categories?post=33318"},{"taxonomy":"post_tag","embeddable":true,"href":"https:\/\/www.sudoestehoje.com.br\/novoportal\/wp-json\/wp\/v2\/tags?post=33318"}],"curies":[{"name":"wp","href":"https:\/\/api.w.org\/{rel}","templated":true}]}}