
{"id":33313,"date":"2013-12-21T20:01:14","date_gmt":"2013-12-21T23:01:14","guid":{"rendered":"http:\/\/www.sudoestehoje.com.br\/novoportal\/?p=33313"},"modified":"2013-12-22T00:20:09","modified_gmt":"2013-12-22T03:20:09","slug":"wagner-culpa-gestoes-passadas-por-nome-sujo-do-governo","status":"publish","type":"post","link":"https:\/\/www.sudoestehoje.com.br\/novoportal\/2013\/12\/21\/wagner-culpa-gestoes-passadas-por-nome-sujo-do-governo\/","title":{"rendered":"WAGNER CULPA GEST\u00d5ES PASSADAS POR &#8220;NOME SUJO&#8221; DO GOVERNO"},"content":{"rendered":"<div id=\"attachment_33314\" style=\"width: 460px\" class=\"wp-caption aligncenter\"><a href=\"http:\/\/www.sudoestehoje.com.br\/novoportal\/wp-content\/uploads\/2013\/12\/wag.jpg\"><img decoding=\"async\" aria-describedby=\"caption-attachment-33314\" class=\" wp-image-33314 \" alt=\"Wagner culpa governos passados por d\u00e9ficit previdenci\u00e1rio do Estado\" src=\"http:\/\/www.sudoestehoje.com.br\/novoportal\/wp-content\/uploads\/2013\/12\/wag-500x271.jpg\" width=\"450\" srcset=\"https:\/\/www.sudoestehoje.com.br\/novoportal\/wp-content\/uploads\/2013\/12\/wag-500x271.jpg 500w, https:\/\/www.sudoestehoje.com.br\/novoportal\/wp-content\/uploads\/2013\/12\/wag.jpg 590w\" sizes=\"(max-width: 500px) 100vw, 500px\" \/><\/a><p id=\"caption-attachment-33314\" class=\"wp-caption-text\">Segundo Wagner, d\u00e9ficit previdenci\u00e1rio do Estado \u00e9 culpa dos governos passados<\/p><\/div>\n<p>O governo da Bahia ficou com o \u201cnome sujo\u201d no Cadastro \u00danico de Conv\u00eanios (Cauc) desde o in\u00edcio da semana, em decorr\u00eancia de pend\u00eancias com contribui\u00e7\u00f5es previdenci\u00e1rias. A situa\u00e7\u00e3o, no entanto, teria sido regularizada na noite de ontem, segundo a secretaria estadual da Fazenda.\u00a0Apesar da informa\u00e7\u00e3o do secret\u00e1rio Manoel Vit\u00f3rio, at\u00e9 as 21h desta sexta-feira, o site do Tesouro Nacional continuava indicando a pend\u00eancia do governo estadual junto \u00e0 Receita Federal.<\/p>\n<p>O Cauc \u00e9 uma ferramenta de gest\u00e3o do Tesouro que disponibiliza dados de Estados e munic\u00edpios para verifica\u00e7\u00e3o de documentos exigidos na formaliza\u00e7\u00e3o de conv\u00eanios e recebimento de dinheiro p\u00fablico.\u00a0Ontem, circulou a informa\u00e7\u00e3o de que, em decorr\u00eancia do problema, o governo teria ficado impedido de receber R$ 80 milh\u00f5es do Prodetur, o que a Sefaz nega.<\/p>\n<p>Na Fazenda, o \u201cnome sujo\u201d do governo baiano \u00e9 colocado na cesta de problemas herdados da gest\u00e3o de Carlos Martins na secretaria. Em encontro na \u00faltima quinta-feira com jornalistas, o governador Jaques Wagner (PT), entretanto, se queixou do d\u00e9ficit da previd\u00eancia, que est\u00e1 na casa dos R$ 2,1 bi, e responsabilizou governos passados pela d\u00e9bito, alegando que n\u00e3o teriam feito o Fundo Previdenci\u00e1rio.<\/p>\n<p>&nbsp;<\/p>\n<p><img decoding=\"async\" class=\"aligncenter\" alt=\"\" src=\"https:\/\/fbcdn-sphotos-b-a.akamaihd.net\/hphotos-ak-prn1\/1524577_772335736113190_312571744_n.jpg\" width=\"540\" \/><\/p>\n<p>&nbsp;<\/p>\n","protected":false},"excerpt":{"rendered":"<p>O governo da Bahia ficou com o \u201cnome sujo\u201d no Cadastro \u00danico de Conv\u00eanios (Cauc) desde o in\u00edcio da semana, em decorr\u00eancia de pend\u00eancias com contribui\u00e7\u00f5es previdenci\u00e1rias. A situa\u00e7\u00e3o, no entanto, teria sido regularizada na noite de ontem, segundo a secretaria estadual da Fazenda.\u00a0Apesar da informa\u00e7\u00e3o do secret\u00e1rio Manoel Vit\u00f3rio, at\u00e9 as 21h desta sexta-feira, [&hellip;]<\/p>\n","protected":false},"author":2,"featured_media":0,"comment_status":"open","ping_status":"open","sticky":false,"template":"","format":"standard","meta":{"footnotes":"","_links_to":"","_links_to_target":""},"categories":[1],"tags":[],"class_list":["post-33313","post","type-post","status-publish","format-standard","hentry","category-geral"],"views":1293,"_links":{"self":[{"href":"https:\/\/www.sudoestehoje.com.br\/novoportal\/wp-json\/wp\/v2\/posts\/33313","targetHints":{"allow":["GET"]}}],"collection":[{"href":"https:\/\/www.sudoestehoje.com.br\/novoportal\/wp-json\/wp\/v2\/posts"}],"about":[{"href":"https:\/\/www.sudoestehoje.com.br\/novoportal\/wp-json\/wp\/v2\/types\/post"}],"author":[{"embeddable":true,"href":"https:\/\/www.sudoestehoje.com.br\/novoportal\/wp-json\/wp\/v2\/users\/2"}],"replies":[{"embeddable":true,"href":"https:\/\/www.sudoestehoje.com.br\/novoportal\/wp-json\/wp\/v2\/comments?post=33313"}],"version-history":[{"count":3,"href":"https:\/\/www.sudoestehoje.com.br\/novoportal\/wp-json\/wp\/v2\/posts\/33313\/revisions"}],"predecessor-version":[{"id":33328,"href":"https:\/\/www.sudoestehoje.com.br\/novoportal\/wp-json\/wp\/v2\/posts\/33313\/revisions\/33328"}],"wp:attachment":[{"href":"https:\/\/www.sudoestehoje.com.br\/novoportal\/wp-json\/wp\/v2\/media?parent=33313"}],"wp:term":[{"taxonomy":"category","embeddable":true,"href":"https:\/\/www.sudoestehoje.com.br\/novoportal\/wp-json\/wp\/v2\/categories?post=33313"},{"taxonomy":"post_tag","embeddable":true,"href":"https:\/\/www.sudoestehoje.com.br\/novoportal\/wp-json\/wp\/v2\/tags?post=33313"}],"curies":[{"name":"wp","href":"https:\/\/api.w.org\/{rel}","templated":true}]}}