
{"id":33263,"date":"2013-12-17T23:42:36","date_gmt":"2013-12-18T02:42:36","guid":{"rendered":"http:\/\/www.sudoestehoje.com.br\/novoportal\/?p=33263"},"modified":"2013-12-17T23:42:36","modified_gmt":"2013-12-18T02:42:36","slug":"eleicoes-2014-otto-disputara-o-senado-na-chapa-do-petista-rui-costa","status":"publish","type":"post","link":"https:\/\/www.sudoestehoje.com.br\/novoportal\/2013\/12\/17\/eleicoes-2014-otto-disputara-o-senado-na-chapa-do-petista-rui-costa\/","title":{"rendered":"ELEI\u00c7\u00d5ES 2014: OTTO DISPUTAR\u00c1 O SENADO NA CHAPA DO PETISTA RUI COSTA"},"content":{"rendered":"<p><a href=\"http:\/\/www.sudoestehoje.com.br\/novoportal\/wp-content\/uploads\/2013\/12\/Wagner-Otto-e-Rui-Costa.jpg\"><img loading=\"lazy\" decoding=\"async\" class=\"aligncenter size-medium wp-image-33264\" alt=\"Wagner-Otto-e-Rui-Costa\" src=\"http:\/\/www.sudoestehoje.com.br\/novoportal\/wp-content\/uploads\/2013\/12\/Wagner-Otto-e-Rui-Costa-500x305.jpg\" width=\"500\" height=\"305\" srcset=\"https:\/\/www.sudoestehoje.com.br\/novoportal\/wp-content\/uploads\/2013\/12\/Wagner-Otto-e-Rui-Costa-500x305.jpg 500w, https:\/\/www.sudoestehoje.com.br\/novoportal\/wp-content\/uploads\/2013\/12\/Wagner-Otto-e-Rui-Costa.jpg 550w\" sizes=\"auto, (max-width: 500px) 100vw, 500px\" \/><\/a><\/p>\n<p>O vice-governador Otto Alencar foi sacramentado como o candidato do governo ao Senado em 2014 durante ato realizado, hoje, na UPB. A cabe\u00e7a de chapa \u00e9 do PT. Secret\u00e1rio Estadual da Casa Civil, Rui Costa \u00e9 o nome \u00e0 sucess\u00e3o de Jaques Wagner. O evento teve a presen\u00e7a, segundo a organiza\u00e7\u00e3o, de cerca de 150 prefeitos, 100 ex-prefeitos e 80 vereadores.<\/p>\n<p>A chapa majorit\u00e1ria governista tem ainda a definir o nome do vice. Marcelo Nilo (PDT) e M\u00e1rio Negromonte (PP) s\u00e3o os nomes cogitados. Nilo diz que ainda sonha em ser candidato ao governo, mas espera um al\u00f4 do governador Jaques Wagner e de Rui Costa. Pimenta<\/p>\n","protected":false},"excerpt":{"rendered":"<p>O vice-governador Otto Alencar foi sacramentado como o candidato do governo ao Senado em 2014 durante ato realizado, hoje, na UPB. A cabe\u00e7a de chapa \u00e9 do PT. Secret\u00e1rio Estadual da Casa Civil, Rui Costa \u00e9 o nome \u00e0 sucess\u00e3o de Jaques Wagner. O evento teve a presen\u00e7a, segundo a organiza\u00e7\u00e3o, de cerca de 150 [&hellip;]<\/p>\n","protected":false},"author":2,"featured_media":0,"comment_status":"open","ping_status":"open","sticky":false,"template":"","format":"standard","meta":{"footnotes":"","_links_to":"","_links_to_target":""},"categories":[1],"tags":[],"class_list":["post-33263","post","type-post","status-publish","format-standard","hentry","category-geral"],"views":1324,"_links":{"self":[{"href":"https:\/\/www.sudoestehoje.com.br\/novoportal\/wp-json\/wp\/v2\/posts\/33263","targetHints":{"allow":["GET"]}}],"collection":[{"href":"https:\/\/www.sudoestehoje.com.br\/novoportal\/wp-json\/wp\/v2\/posts"}],"about":[{"href":"https:\/\/www.sudoestehoje.com.br\/novoportal\/wp-json\/wp\/v2\/types\/post"}],"author":[{"embeddable":true,"href":"https:\/\/www.sudoestehoje.com.br\/novoportal\/wp-json\/wp\/v2\/users\/2"}],"replies":[{"embeddable":true,"href":"https:\/\/www.sudoestehoje.com.br\/novoportal\/wp-json\/wp\/v2\/comments?post=33263"}],"version-history":[{"count":1,"href":"https:\/\/www.sudoestehoje.com.br\/novoportal\/wp-json\/wp\/v2\/posts\/33263\/revisions"}],"predecessor-version":[{"id":33265,"href":"https:\/\/www.sudoestehoje.com.br\/novoportal\/wp-json\/wp\/v2\/posts\/33263\/revisions\/33265"}],"wp:attachment":[{"href":"https:\/\/www.sudoestehoje.com.br\/novoportal\/wp-json\/wp\/v2\/media?parent=33263"}],"wp:term":[{"taxonomy":"category","embeddable":true,"href":"https:\/\/www.sudoestehoje.com.br\/novoportal\/wp-json\/wp\/v2\/categories?post=33263"},{"taxonomy":"post_tag","embeddable":true,"href":"https:\/\/www.sudoestehoje.com.br\/novoportal\/wp-json\/wp\/v2\/tags?post=33263"}],"curies":[{"name":"wp","href":"https:\/\/api.w.org\/{rel}","templated":true}]}}