
{"id":33202,"date":"2013-12-15T23:37:17","date_gmt":"2013-12-16T02:37:17","guid":{"rendered":"http:\/\/www.sudoestehoje.com.br\/novoportal\/?p=33202"},"modified":"2013-12-15T23:38:20","modified_gmt":"2013-12-16T02:38:20","slug":"corpo-de-nelson-mandela-e-enterrado-na-africa-do-sul","status":"publish","type":"post","link":"https:\/\/www.sudoestehoje.com.br\/novoportal\/2013\/12\/15\/corpo-de-nelson-mandela-e-enterrado-na-africa-do-sul\/","title":{"rendered":"CORPO DE NELSON MANDELA \u00c9 ENTERRADO EM VILAREJO NA \u00c1FRICA DO SUL"},"content":{"rendered":"<p><a href=\"http:\/\/www.sudoestehoje.com.br\/novoportal\/wp-content\/uploads\/2013\/12\/mandela_enterro4_1.jpg\"><img loading=\"lazy\" decoding=\"async\" class=\"aligncenter size-medium wp-image-33203\" alt=\"mandela_enterro4_1\" src=\"http:\/\/www.sudoestehoje.com.br\/novoportal\/wp-content\/uploads\/2013\/12\/mandela_enterro4_1-500x338.jpg\" width=\"500\" height=\"338\" srcset=\"https:\/\/www.sudoestehoje.com.br\/novoportal\/wp-content\/uploads\/2013\/12\/mandela_enterro4_1-500x338.jpg 500w, https:\/\/www.sudoestehoje.com.br\/novoportal\/wp-content\/uploads\/2013\/12\/mandela_enterro4_1.jpg 620w\" sizes=\"auto, (max-width: 500px) 100vw, 500px\" \/><\/a><\/p>\n<p>O corpo do ex-presidente da \u00c1frica do Sul e l\u00edder anti-apartheid Nelson Mandela foi enterrado neste domingo (15) em seu vilarejo ancestral de Qunu, na \u00c1frica do Sul, ap\u00f3s dez dias de homenagens e funerais. Mandela morreu no dia 5 de dezembro aos 95 anos, e foi enterrado ao lado dos restos mortais de tr\u00eas de seus filhos.<\/p>\n<p>O ganhador do Nobel da Paz, que ficou preso durante o Apartheid por 27 anos, antes de emergir para pregar o perd\u00e3o e a reconcilia\u00e7\u00e3o no pa\u00eds, foi colocado para descansar na casa de seus ancestrais em Qunu, depois de uma despedida que misturou pompa militar e os ritos tradicionais de seu cl\u00e3 Xhosa abaThembu.<\/p>\n<p>O enterro foi acompanhado por cerca de 450 convidados &#8211; familiares de Mandela, integrantes da comunidade de Qunu e amigos pessoais e alguns dignit\u00e1rios.<\/p>\n<p>O presidente sul-africano, Jacob Zuma, ficou de p\u00e9 no momento em que o caix\u00e3o foi colocado no t\u00famulo. Helic\u00f3pteros militares e avi\u00f5es de combate sobrevoaram a regi\u00e3o e disparos de canh\u00e3o foram realizados, antes de uma cerim\u00f4nia tradicional privada, que n\u00e3o teve a presen\u00e7a da imprensa. (G1)<\/p>\n","protected":false},"excerpt":{"rendered":"<p>O corpo do ex-presidente da \u00c1frica do Sul e l\u00edder anti-apartheid Nelson Mandela foi enterrado neste domingo (15) em seu vilarejo ancestral de Qunu, na \u00c1frica do Sul, ap\u00f3s dez dias de homenagens e funerais. Mandela morreu no dia 5 de dezembro aos 95 anos, e foi enterrado ao lado dos restos mortais de tr\u00eas [&hellip;]<\/p>\n","protected":false},"author":2,"featured_media":0,"comment_status":"open","ping_status":"open","sticky":false,"template":"","format":"standard","meta":{"footnotes":"","_links_to":"","_links_to_target":""},"categories":[1],"tags":[],"class_list":["post-33202","post","type-post","status-publish","format-standard","hentry","category-geral"],"views":1445,"_links":{"self":[{"href":"https:\/\/www.sudoestehoje.com.br\/novoportal\/wp-json\/wp\/v2\/posts\/33202","targetHints":{"allow":["GET"]}}],"collection":[{"href":"https:\/\/www.sudoestehoje.com.br\/novoportal\/wp-json\/wp\/v2\/posts"}],"about":[{"href":"https:\/\/www.sudoestehoje.com.br\/novoportal\/wp-json\/wp\/v2\/types\/post"}],"author":[{"embeddable":true,"href":"https:\/\/www.sudoestehoje.com.br\/novoportal\/wp-json\/wp\/v2\/users\/2"}],"replies":[{"embeddable":true,"href":"https:\/\/www.sudoestehoje.com.br\/novoportal\/wp-json\/wp\/v2\/comments?post=33202"}],"version-history":[{"count":2,"href":"https:\/\/www.sudoestehoje.com.br\/novoportal\/wp-json\/wp\/v2\/posts\/33202\/revisions"}],"predecessor-version":[{"id":33205,"href":"https:\/\/www.sudoestehoje.com.br\/novoportal\/wp-json\/wp\/v2\/posts\/33202\/revisions\/33205"}],"wp:attachment":[{"href":"https:\/\/www.sudoestehoje.com.br\/novoportal\/wp-json\/wp\/v2\/media?parent=33202"}],"wp:term":[{"taxonomy":"category","embeddable":true,"href":"https:\/\/www.sudoestehoje.com.br\/novoportal\/wp-json\/wp\/v2\/categories?post=33202"},{"taxonomy":"post_tag","embeddable":true,"href":"https:\/\/www.sudoestehoje.com.br\/novoportal\/wp-json\/wp\/v2\/tags?post=33202"}],"curies":[{"name":"wp","href":"https:\/\/api.w.org\/{rel}","templated":true}]}}