
{"id":33148,"date":"2013-12-13T22:07:08","date_gmt":"2013-12-14T01:07:08","guid":{"rendered":"http:\/\/www.sudoestehoje.com.br\/novoportal\/?p=33148"},"modified":"2013-12-13T22:07:08","modified_gmt":"2013-12-14T01:07:08","slug":"paulo-souto-diz-que-solla-foi-condenado-e-espera-prisao-do-petista","status":"publish","type":"post","link":"https:\/\/www.sudoestehoje.com.br\/novoportal\/2013\/12\/13\/paulo-souto-diz-que-solla-foi-condenado-e-espera-prisao-do-petista\/","title":{"rendered":"PAULO SOUTO DIZ QUE SOLLA FOI CONDENADO E ESPERA PRIS\u00c3O DO PETISTA"},"content":{"rendered":"<p style=\"text-align: center;\"><a href=\"http:\/\/www.sudoestehoje.com.br\/novoportal\/wp-content\/uploads\/2013\/12\/solla-e-souto.jpg\"><img decoding=\"async\" class=\"wp-image-33149 alignleft\" alt=\"solla e souto\" src=\"http:\/\/www.sudoestehoje.com.br\/novoportal\/wp-content\/uploads\/2013\/12\/solla-e-souto.jpg\" width=\"300\" \/><\/a><\/p>\n<p>Parece n\u00e3o ter fim a troca de alfinetadas entre o ex-governador Paulo Souto (DEM) e o secret\u00e1rio da Sa\u00fade do Estado Jorge Solla (PT). Em nota enviada ao Bahia Not\u00edcias, Souto disse que Solla foi sim condenado\u00a0<a href=\"http:\/\/www.bahianoticias.com.br\/principal\/noticia\/147803-solla-e-condenado-por-difamar-souto-coisas-da-justica-baiana.html\" target=\"_blank\">(veja aqui)<\/a>, diferentemente do que alegou, e comparou a atual situa\u00e7\u00e3o do secret\u00e1rio com a dos companheiros petistas que est\u00e3o presos pela condena\u00e7\u00e3o no mensal\u00e3o. \u201cA condena\u00e7\u00e3o est\u00e1 mantida e Jorge Solla \u00e9 mais um petista, junto com os colegas mensaleiros, que perde a prerrogativa de r\u00e9u prim\u00e1rio em processos judiciais\u201d, decretou. Segundo o democrata, o petista foi derrotado pelo escore de 26 X 10 e s\u00f3 houve a prescri\u00e7\u00e3o da pena de quatro meses de deten\u00e7\u00e3o. Na confus\u00e3o sobrou at\u00e9 para o governador Jaques Wagner. \u201cA soberba do auxiliar de Jaques Wagner n\u00e3o vai resistir a ele ter que assistir o sol nascer quadrado a qualquer momento\u201d, finalizou. Bahia Not\u00edcias<\/p>\n","protected":false},"excerpt":{"rendered":"<p>Parece n\u00e3o ter fim a troca de alfinetadas entre o ex-governador Paulo Souto (DEM) e o secret\u00e1rio da Sa\u00fade do Estado Jorge Solla (PT). Em nota enviada ao Bahia Not\u00edcias, Souto disse que Solla foi sim condenado\u00a0(veja aqui), diferentemente do que alegou, e comparou a atual situa\u00e7\u00e3o do secret\u00e1rio com a dos companheiros petistas que [&hellip;]<\/p>\n","protected":false},"author":2,"featured_media":0,"comment_status":"open","ping_status":"open","sticky":false,"template":"","format":"standard","meta":{"footnotes":"","_links_to":"","_links_to_target":""},"categories":[1],"tags":[],"class_list":["post-33148","post","type-post","status-publish","format-standard","hentry","category-geral"],"views":1098,"_links":{"self":[{"href":"https:\/\/www.sudoestehoje.com.br\/novoportal\/wp-json\/wp\/v2\/posts\/33148","targetHints":{"allow":["GET"]}}],"collection":[{"href":"https:\/\/www.sudoestehoje.com.br\/novoportal\/wp-json\/wp\/v2\/posts"}],"about":[{"href":"https:\/\/www.sudoestehoje.com.br\/novoportal\/wp-json\/wp\/v2\/types\/post"}],"author":[{"embeddable":true,"href":"https:\/\/www.sudoestehoje.com.br\/novoportal\/wp-json\/wp\/v2\/users\/2"}],"replies":[{"embeddable":true,"href":"https:\/\/www.sudoestehoje.com.br\/novoportal\/wp-json\/wp\/v2\/comments?post=33148"}],"version-history":[{"count":1,"href":"https:\/\/www.sudoestehoje.com.br\/novoportal\/wp-json\/wp\/v2\/posts\/33148\/revisions"}],"predecessor-version":[{"id":33150,"href":"https:\/\/www.sudoestehoje.com.br\/novoportal\/wp-json\/wp\/v2\/posts\/33148\/revisions\/33150"}],"wp:attachment":[{"href":"https:\/\/www.sudoestehoje.com.br\/novoportal\/wp-json\/wp\/v2\/media?parent=33148"}],"wp:term":[{"taxonomy":"category","embeddable":true,"href":"https:\/\/www.sudoestehoje.com.br\/novoportal\/wp-json\/wp\/v2\/categories?post=33148"},{"taxonomy":"post_tag","embeddable":true,"href":"https:\/\/www.sudoestehoje.com.br\/novoportal\/wp-json\/wp\/v2\/tags?post=33148"}],"curies":[{"name":"wp","href":"https:\/\/api.w.org\/{rel}","templated":true}]}}