
{"id":33139,"date":"2013-12-13T21:26:00","date_gmt":"2013-12-14T00:26:00","guid":{"rendered":"http:\/\/www.sudoestehoje.com.br\/novoportal\/?p=33139"},"modified":"2013-12-13T21:26:00","modified_gmt":"2013-12-14T00:26:00","slug":"temporal-em-ribeirao-do-largo-deixa-populacao-em-alerta","status":"publish","type":"post","link":"https:\/\/www.sudoestehoje.com.br\/novoportal\/2013\/12\/13\/temporal-em-ribeirao-do-largo-deixa-populacao-em-alerta\/","title":{"rendered":"TEMPORAL EM RIBEIR\u00c3O DO LARGO DEIXA POPULA\u00c7\u00c3O EM ALERTA"},"content":{"rendered":"<div>\n<div><a href=\"http:\/\/www.sudoestehoje.com.br\/novoportal\/wp-content\/uploads\/2013\/12\/largo.jpg\"><img loading=\"lazy\" decoding=\"async\" class=\"aligncenter size-medium wp-image-33140\" alt=\"largo\" src=\"http:\/\/www.sudoestehoje.com.br\/novoportal\/wp-content\/uploads\/2013\/12\/largo-500x333.jpg\" width=\"500\" height=\"333\" srcset=\"https:\/\/www.sudoestehoje.com.br\/novoportal\/wp-content\/uploads\/2013\/12\/largo-500x333.jpg 500w, https:\/\/www.sudoestehoje.com.br\/novoportal\/wp-content\/uploads\/2013\/12\/largo-700x466.jpg 700w, https:\/\/www.sudoestehoje.com.br\/novoportal\/wp-content\/uploads\/2013\/12\/largo.jpg 960w\" sizes=\"auto, (max-width: 500px) 100vw, 500px\" \/><\/a><\/div>\n<div>Um temporal na cidade de Ribeir\u00e3o do Largo-BA, na \u00faltima quinta-feira (12), deixou marcas de destrui\u00e7\u00e3o e alagamentos por toda parte, segundo informa\u00e7\u00f5es, a\u00a0 enxurrada arrancou parte do cal\u00e7amento de algumas ruas e pra\u00e7as, v\u00e1rios moradores passaram a noite retirando os m\u00f3veis e eletrodom\u00e9sticos das suas resid\u00eancias\u00a0 devido a grande quantidade de \u00e1gua que invadiu suas casas. Bahia 24 Horas<\/div>\n<\/div>\n<div><\/div>\n<div><\/div>\n","protected":false},"excerpt":{"rendered":"<p>Um temporal na cidade de Ribeir\u00e3o do Largo-BA, na \u00faltima quinta-feira (12), deixou marcas de destrui\u00e7\u00e3o e alagamentos por toda parte, segundo informa\u00e7\u00f5es, a\u00a0 enxurrada arrancou parte do cal\u00e7amento de algumas ruas e pra\u00e7as, v\u00e1rios moradores passaram a noite retirando os m\u00f3veis e eletrodom\u00e9sticos das suas resid\u00eancias\u00a0 devido a grande quantidade de \u00e1gua que invadiu [&hellip;]<\/p>\n","protected":false},"author":2,"featured_media":0,"comment_status":"open","ping_status":"open","sticky":false,"template":"","format":"standard","meta":{"footnotes":"","_links_to":"","_links_to_target":""},"categories":[1],"tags":[],"class_list":["post-33139","post","type-post","status-publish","format-standard","hentry","category-geral"],"views":4394,"_links":{"self":[{"href":"https:\/\/www.sudoestehoje.com.br\/novoportal\/wp-json\/wp\/v2\/posts\/33139","targetHints":{"allow":["GET"]}}],"collection":[{"href":"https:\/\/www.sudoestehoje.com.br\/novoportal\/wp-json\/wp\/v2\/posts"}],"about":[{"href":"https:\/\/www.sudoestehoje.com.br\/novoportal\/wp-json\/wp\/v2\/types\/post"}],"author":[{"embeddable":true,"href":"https:\/\/www.sudoestehoje.com.br\/novoportal\/wp-json\/wp\/v2\/users\/2"}],"replies":[{"embeddable":true,"href":"https:\/\/www.sudoestehoje.com.br\/novoportal\/wp-json\/wp\/v2\/comments?post=33139"}],"version-history":[{"count":1,"href":"https:\/\/www.sudoestehoje.com.br\/novoportal\/wp-json\/wp\/v2\/posts\/33139\/revisions"}],"predecessor-version":[{"id":33141,"href":"https:\/\/www.sudoestehoje.com.br\/novoportal\/wp-json\/wp\/v2\/posts\/33139\/revisions\/33141"}],"wp:attachment":[{"href":"https:\/\/www.sudoestehoje.com.br\/novoportal\/wp-json\/wp\/v2\/media?parent=33139"}],"wp:term":[{"taxonomy":"category","embeddable":true,"href":"https:\/\/www.sudoestehoje.com.br\/novoportal\/wp-json\/wp\/v2\/categories?post=33139"},{"taxonomy":"post_tag","embeddable":true,"href":"https:\/\/www.sudoestehoje.com.br\/novoportal\/wp-json\/wp\/v2\/tags?post=33139"}],"curies":[{"name":"wp","href":"https:\/\/api.w.org\/{rel}","templated":true}]}}