
{"id":33037,"date":"2013-12-10T10:59:56","date_gmt":"2013-12-10T13:59:56","guid":{"rendered":"http:\/\/www.sudoestehoje.com.br\/novoportal\/?p=33037"},"modified":"2013-12-10T10:59:56","modified_gmt":"2013-12-10T13:59:56","slug":"professores-das-universidades-estaduais-paralisam-nesta-quarta","status":"publish","type":"post","link":"https:\/\/www.sudoestehoje.com.br\/novoportal\/2013\/12\/10\/professores-das-universidades-estaduais-paralisam-nesta-quarta\/","title":{"rendered":"PROFESSORES DAS UNIVERSIDADES ESTADUAIS PARALISAM NESTA QUARTA"},"content":{"rendered":"<p><a href=\"http:\/\/www.sudoestehoje.com.br\/novoportal\/wp-content\/uploads\/2013\/12\/adusb.jpg\"><img loading=\"lazy\" decoding=\"async\" class=\"size-full wp-image-33038 alignleft\" alt=\"adusb\" src=\"http:\/\/www.sudoestehoje.com.br\/novoportal\/wp-content\/uploads\/2013\/12\/adusb.jpg\" width=\"314\" height=\"209\" \/><\/a><\/p>\n<p>Professores das quatro universidades p\u00fablicas baianas paralisam as atividades e deixam cerca de 60 mil estudantes sem aula nesta quarta-feira (11). Segundo informa\u00e7\u00f5es do Correio, mais de 2,6 mil docentes das estaduais de Feira de Santana (Uesf), Santa Cruz (Uesc), Sudoeste (Uesb) e da Bahia (Uneb) reivindicam o aumento dos recursos do governo destinados \u00e0s institui\u00e7\u00f5es para 2014.<\/p>\n<p>O montante, que de acordo com a Secretaria Estadual de Educa\u00e7\u00e3o (SEC) representa um crescimento superior a 133% entre 2006 e 2013, foi definido pela Lei de Diretrizes Or\u00e7ament\u00e1rias (LDO), elaborada pelo governador e que ainda precisa de aprova\u00e7\u00e3o pelos deputados estaduais.<\/p>\n<p>Em ato nesta quarta, os professores far\u00e3o, \u00e0s 10h, uma aula p\u00fablica em frente \u00e0 Assembleia Legislativa e, \u00e0s 11h, participar\u00e3o de audi\u00eancia p\u00fablica promovida pela Comiss\u00e3o de Educa\u00e7\u00e3o da Casa. Correio<\/p>\n","protected":false},"excerpt":{"rendered":"<p>Professores das quatro universidades p\u00fablicas baianas paralisam as atividades e deixam cerca de 60 mil estudantes sem aula nesta quarta-feira (11). Segundo informa\u00e7\u00f5es do Correio, mais de 2,6 mil docentes das estaduais de Feira de Santana (Uesf), Santa Cruz (Uesc), Sudoeste (Uesb) e da Bahia (Uneb) reivindicam o aumento dos recursos do governo destinados \u00e0s [&hellip;]<\/p>\n","protected":false},"author":2,"featured_media":0,"comment_status":"open","ping_status":"open","sticky":false,"template":"","format":"standard","meta":{"footnotes":"","_links_to":"","_links_to_target":""},"categories":[1],"tags":[],"class_list":["post-33037","post","type-post","status-publish","format-standard","hentry","category-geral"],"views":1232,"_links":{"self":[{"href":"https:\/\/www.sudoestehoje.com.br\/novoportal\/wp-json\/wp\/v2\/posts\/33037","targetHints":{"allow":["GET"]}}],"collection":[{"href":"https:\/\/www.sudoestehoje.com.br\/novoportal\/wp-json\/wp\/v2\/posts"}],"about":[{"href":"https:\/\/www.sudoestehoje.com.br\/novoportal\/wp-json\/wp\/v2\/types\/post"}],"author":[{"embeddable":true,"href":"https:\/\/www.sudoestehoje.com.br\/novoportal\/wp-json\/wp\/v2\/users\/2"}],"replies":[{"embeddable":true,"href":"https:\/\/www.sudoestehoje.com.br\/novoportal\/wp-json\/wp\/v2\/comments?post=33037"}],"version-history":[{"count":1,"href":"https:\/\/www.sudoestehoje.com.br\/novoportal\/wp-json\/wp\/v2\/posts\/33037\/revisions"}],"predecessor-version":[{"id":33039,"href":"https:\/\/www.sudoestehoje.com.br\/novoportal\/wp-json\/wp\/v2\/posts\/33037\/revisions\/33039"}],"wp:attachment":[{"href":"https:\/\/www.sudoestehoje.com.br\/novoportal\/wp-json\/wp\/v2\/media?parent=33037"}],"wp:term":[{"taxonomy":"category","embeddable":true,"href":"https:\/\/www.sudoestehoje.com.br\/novoportal\/wp-json\/wp\/v2\/categories?post=33037"},{"taxonomy":"post_tag","embeddable":true,"href":"https:\/\/www.sudoestehoje.com.br\/novoportal\/wp-json\/wp\/v2\/tags?post=33037"}],"curies":[{"name":"wp","href":"https:\/\/api.w.org\/{rel}","templated":true}]}}